{"id":1014,"date":"2012-01-28T17:47:36","date_gmt":"2012-01-28T16:47:36","guid":{"rendered":"http:\/\/bossefoto.se\/wordpress\/?p=1014"},"modified":"2012-01-28T17:52:48","modified_gmt":"2012-01-28T16:52:48","slug":"brollop-malin-och-henrik","status":"publish","type":"post","link":"http:\/\/bossefoto.se\/wordpress\/?p=1014","title":{"rendered":"Br\u00f6llop Malin och Henrik"},"content":{"rendered":"<p>Har i idag fotograferat ett br\u00f6llop i Steninge Kyrka mellan Malin och Henrik. Tanken var att vi \u00e4ven skulle vara och ta lite utomhusbilder f\u00f6re br\u00f6llopet men pga sjukdom s\u00e5 fick vi st\u00e4lla in det. Det \u00e4r ju inte direkt varmt att st\u00e5 utomhus i dag &#8230;&#8230; S\u00e5 vi tog lite bilder efter\u00e5t i kyrkan ista\u00e4llet. Tack f\u00f6rtroendet! H\u00e4r \u00e4r lite bildexempel.<\/p>\n<div id=\"attachment_1015\" style=\"width: 889px\" class=\"wp-caption aligncenter\"><img aria-describedby=\"caption-attachment-1015\" decoding=\"async\" loading=\"lazy\" class=\"size-full wp-image-1015\" title=\"collage_bossefoto\" src=\"http:\/\/bossefoto.se\/wordpress\/wp-content\/uploads\/collage_bossefoto.jpg\" alt=\"\" width=\"879\" height=\"879\" srcset=\"http:\/\/bossefoto.se\/wordpress\/wp-content\/uploads\/collage_bossefoto.jpg 879w, http:\/\/bossefoto.se\/wordpress\/wp-content\/uploads\/collage_bossefoto-150x150.jpg 150w, http:\/\/bossefoto.se\/wordpress\/wp-content\/uploads\/collage_bossefoto-300x300.jpg 300w, http:\/\/bossefoto.se\/wordpress\/wp-content\/uploads\/collage_bossefoto-160x160.jpg 160w, http:\/\/bossefoto.se\/wordpress\/wp-content\/uploads\/collage_bossefoto-600x600.jpg 600w, http:\/\/bossefoto.se\/wordpress\/wp-content\/uploads\/collage_bossefoto-80x80.jpg 80w, http:\/\/bossefoto.se\/wordpress\/wp-content\/uploads\/collage_bossefoto-320x320.jpg 320w, http:\/\/bossefoto.se\/wordpress\/wp-content\/uploads\/collage_bossefoto-400x400.jpg 400w, http:\/\/bossefoto.se\/wordpress\/wp-content\/uploads\/collage_bossefoto-800x800.jpg 800w\" sizes=\"(max-width: 879px) 100vw, 879px\" \/><p id=\"caption-attachment-1015\" class=\"wp-caption-text\">Ett litet collage<\/p><\/div>\n","protected":false},"excerpt":{"rendered":"<p>Har i idag fotograferat ett br\u00f6llop i Steninge Kyrka mellan Malin och Henrik. Tanken var att vi \u00e4ven skulle vara och ta lite utomhusbilder f\u00f6re br\u00f6llopet men pga sjukdom s\u00e5 fick vi st\u00e4lla in det. Det \u00e4r ju inte direkt varmt att st\u00e5 utomhus i dag &#8230;&#8230; S\u00e5 vi tog lite bilder efter\u00e5t i kyrkan [&hellip;]<\/p>\n","protected":false},"author":3,"featured_media":0,"comment_status":"open","ping_status":"closed","sticky":false,"template":"","format":"standard","meta":[],"categories":[9],"tags":[],"_links":{"self":[{"href":"http:\/\/bossefoto.se\/wordpress\/index.php?rest_route=\/wp\/v2\/posts\/1014"}],"collection":[{"href":"http:\/\/bossefoto.se\/wordpress\/index.php?rest_route=\/wp\/v2\/posts"}],"about":[{"href":"http:\/\/bossefoto.se\/wordpress\/index.php?rest_route=\/wp\/v2\/types\/post"}],"author":[{"embeddable":true,"href":"http:\/\/bossefoto.se\/wordpress\/index.php?rest_route=\/wp\/v2\/users\/3"}],"replies":[{"embeddable":true,"href":"http:\/\/bossefoto.se\/wordpress\/index.php?rest_route=%2Fwp%2Fv2%2Fcomments&post=1014"}],"version-history":[{"count":0,"href":"http:\/\/bossefoto.se\/wordpress\/index.php?rest_route=\/wp\/v2\/posts\/1014\/revisions"}],"wp:attachment":[{"href":"http:\/\/bossefoto.se\/wordpress\/index.php?rest_route=%2Fwp%2Fv2%2Fmedia&parent=1014"}],"wp:term":[{"taxonomy":"category","embeddable":true,"href":"http:\/\/bossefoto.se\/wordpress\/index.php?rest_route=%2Fwp%2Fv2%2Fcategories&post=1014"},{"taxonomy":"post_tag","embeddable":true,"href":"http:\/\/bossefoto.se\/wordpress\/index.php?rest_route=%2Fwp%2Fv2%2Ftags&post=1014"}],"curies":[{"name":"wp","href":"https:\/\/api.w.org\/{rel}","templated":true}]}}