{"id":103,"date":"2009-12-13T21:06:13","date_gmt":"2009-12-13T19:06:13","guid":{"rendered":"http:\/\/bossefoto.se\/wordpress\/?p=103"},"modified":"2010-05-14T21:02:03","modified_gmt":"2010-05-14T19:02:03","slug":"siri","status":"publish","type":"post","link":"http:\/\/bossefoto.se\/wordpress\/?p=103","title":{"rendered":"Siri"},"content":{"rendered":"<p>Fick i uppdrag av min bror och sv\u00e4gerska att f\u00f6rs\u00f6ka ta ett kort som de skulle anv\u00e4nda som julkort p\u00e5 barnen, dvs Noha, Siri och Elis. F\u00f6r att g\u00f6ra en l\u00e5ng historia kort s\u00e5 blev det tillslut ett kort som gick att anv\u00e4nda&#8230;&#8230; Men det tog 3 olika tillf\u00e4llen under kv\u00e4llen d\u00e4r vi passade p\u00e5 att \u00e4ta middag tillsammans. Kan v\u00e4l s\u00e4ga s\u00e5 h\u00e4r &#8211; barn har egna viljor. Ni som \u00e4r v\u00e4nner till dem kommer s\u00e4kert f\u00e5 slutresultatet i brevl\u00e5dan inom kort&#8230;. Efter jul kommer jag nog l\u00e4gga ut det tillsammans med v\u00e5rt egna p\u00e5 v\u00e5r lilla Isac. S\u00e5 ist\u00e4llet f\u00f6r detta kort s\u00e5 l\u00e4gger jag ut ett kort som jag passade p\u00e5 att ta p\u00e5 Siri&#8230;.. Har lagt p\u00e5 lite brus i bilden \ud83d\ude42<\/p>\n<div id=\"attachment_104\" style=\"width: 910px\" class=\"wp-caption aligncenter\"><img aria-describedby=\"caption-attachment-104\" decoding=\"async\" loading=\"lazy\" class=\"size-full wp-image-104\" title=\"siri_091213\" src=\"http:\/\/bossefoto.se\/wordpress\/wp-content\/uploads\/siri_091213.jpg\" alt=\"Siri - Cool tjej :-)\" width=\"900\" height=\"720\" srcset=\"http:\/\/bossefoto.se\/wordpress\/wp-content\/uploads\/siri_091213.jpg 900w, http:\/\/bossefoto.se\/wordpress\/wp-content\/uploads\/siri_091213-300x240.jpg 300w\" sizes=\"(max-width: 900px) 100vw, 900px\" \/><p id=\"caption-attachment-104\" class=\"wp-caption-text\">Siri - Cool tjej \ud83d\ude42<\/p><\/div>\n","protected":false},"excerpt":{"rendered":"<p>Fick i uppdrag av min bror och sv\u00e4gerska att f\u00f6rs\u00f6ka ta ett kort som de skulle anv\u00e4nda som julkort p\u00e5 barnen, dvs Noha, Siri och Elis. F\u00f6r att g\u00f6ra en l\u00e5ng historia kort s\u00e5 blev det tillslut ett kort som gick att anv\u00e4nda&#8230;&#8230; Men det tog 3 olika tillf\u00e4llen under kv\u00e4llen d\u00e4r vi passade p\u00e5 [&hellip;]<\/p>\n","protected":false},"author":3,"featured_media":0,"comment_status":"open","ping_status":"closed","sticky":false,"template":"","format":"standard","meta":[],"categories":[1],"tags":[],"_links":{"self":[{"href":"http:\/\/bossefoto.se\/wordpress\/index.php?rest_route=\/wp\/v2\/posts\/103"}],"collection":[{"href":"http:\/\/bossefoto.se\/wordpress\/index.php?rest_route=\/wp\/v2\/posts"}],"about":[{"href":"http:\/\/bossefoto.se\/wordpress\/index.php?rest_route=\/wp\/v2\/types\/post"}],"author":[{"embeddable":true,"href":"http:\/\/bossefoto.se\/wordpress\/index.php?rest_route=\/wp\/v2\/users\/3"}],"replies":[{"embeddable":true,"href":"http:\/\/bossefoto.se\/wordpress\/index.php?rest_route=%2Fwp%2Fv2%2Fcomments&post=103"}],"version-history":[{"count":0,"href":"http:\/\/bossefoto.se\/wordpress\/index.php?rest_route=\/wp\/v2\/posts\/103\/revisions"}],"wp:attachment":[{"href":"http:\/\/bossefoto.se\/wordpress\/index.php?rest_route=%2Fwp%2Fv2%2Fmedia&parent=103"}],"wp:term":[{"taxonomy":"category","embeddable":true,"href":"http:\/\/bossefoto.se\/wordpress\/index.php?rest_route=%2Fwp%2Fv2%2Fcategories&post=103"},{"taxonomy":"post_tag","embeddable":true,"href":"http:\/\/bossefoto.se\/wordpress\/index.php?rest_route=%2Fwp%2Fv2%2Ftags&post=103"}],"curies":[{"name":"wp","href":"https:\/\/api.w.org\/{rel}","templated":true}]}}