{"id":1101,"date":"2012-06-06T15:59:33","date_gmt":"2012-06-06T13:59:33","guid":{"rendered":"http:\/\/bossefoto.se\/wordpress\/?p=1101"},"modified":"2012-06-11T16:00:17","modified_gmt":"2012-06-11T14:00:17","slug":"mackan-och-kickis-infor-brollop","status":"publish","type":"post","link":"http:\/\/bossefoto.se\/wordpress\/?p=1101","title":{"rendered":"Mackan och Kickis (inf\u00f6r br\u00f6llop)"},"content":{"rendered":"<p>I dag var vi och rekade fotolatsen f\u00f6r Mackan och Kickis stora dag, dvs deras br\u00f6llop p\u00e5 l\u00f6rdag. Blev Steninge. H\u00e4r \u00e4r j\u00e4ttevackert och vi f\u00e5r hoppas att vi \u00e4ven f\u00e5r vackert v\u00e4der p\u00e5 l\u00f6rdag. Dock s\u00e4ger v\u00e4derutsikterna att det ska regna \ud83d\ude41 Men vi har ett alternativ, Annies g\u00e5rd, och d\u00e4r vi kan ta lite blider i stallmilj\u00f6. Kan bli riktigt bra det med \ud83d\ude42 Men under tiden var deras barn, Malte och Selma. S\u00e5 de fick \u00e4ven vara med p\u00e5 ett par kort \ud83d\ude42<\/p>\n<p><img decoding=\"async\" loading=\"lazy\" class=\"pp-insert-all size-full aligncenter\" src=\"http:\/\/bossefoto.se\/wordpress\/wp-content\/uploads\/20120606_kickis_mackan_barn_0008-Redigera.jpg\" alt=\"\" width=\"800\" height=\"533\" \/><img decoding=\"async\" loading=\"lazy\" class=\"pp-insert-all size-full aligncenter\" src=\"http:\/\/bossefoto.se\/wordpress\/wp-content\/uploads\/20120606_kickis_mackan_barn_0015.jpg\" alt=\"\" width=\"533\" height=\"800\" \/><img decoding=\"async\" loading=\"lazy\" class=\"pp-insert-all size-full aligncenter\" src=\"http:\/\/bossefoto.se\/wordpress\/wp-content\/uploads\/20120606_kickis_mackan_barn_0018.jpg\" alt=\"\" width=\"533\" height=\"800\" \/><img decoding=\"async\" loading=\"lazy\" class=\"pp-insert-all size-full aligncenter\" src=\"http:\/\/bossefoto.se\/wordpress\/wp-content\/uploads\/20120606_kickis_mackan_barn_0019.jpg\" alt=\"\" width=\"614\" height=\"800\" \/><img decoding=\"async\" loading=\"lazy\" class=\"pp-insert-all size-full aligncenter\" src=\"http:\/\/bossefoto.se\/wordpress\/wp-content\/uploads\/20120606_kickis_mackan_barn_0029.jpg\" alt=\"\" width=\"800\" height=\"464\" \/><img decoding=\"async\" loading=\"lazy\" class=\"pp-insert-all size-full aligncenter\" src=\"http:\/\/bossefoto.se\/wordpress\/wp-content\/uploads\/20120606_kickis_mackan_barn_0031.jpg\" alt=\"\" width=\"800\" height=\"533\" \/><img decoding=\"async\" loading=\"lazy\" class=\"pp-insert-all size-full aligncenter\" src=\"http:\/\/bossefoto.se\/wordpress\/wp-content\/uploads\/20120606_kickis_mackan_barn_0033.jpg\" alt=\"\" width=\"800\" height=\"533\" \/><img decoding=\"async\" loading=\"lazy\" class=\"pp-insert-all size-full aligncenter\" src=\"http:\/\/bossefoto.se\/wordpress\/wp-content\/uploads\/20120606_kickis_mackan_barn_0034.jpg\" alt=\"\" width=\"800\" height=\"533\" \/><img decoding=\"async\" loading=\"lazy\" class=\"pp-insert-all size-full aligncenter\" src=\"http:\/\/bossefoto.se\/wordpress\/wp-content\/uploads\/20120606_kickis_mackan_barn_0036.jpg\" alt=\"\" width=\"800\" height=\"533\" \/><img decoding=\"async\" loading=\"lazy\" class=\"pp-insert-all size-full aligncenter\" src=\"http:\/\/bossefoto.se\/wordpress\/wp-content\/uploads\/20120606_kickis_mackan_barn_0059.jpg\" alt=\"\" width=\"635\" height=\"750\" \/><img decoding=\"async\" loading=\"lazy\" class=\"pp-insert-all size-full aligncenter\" src=\"http:\/\/bossefoto.se\/wordpress\/wp-content\/uploads\/20120606_kickis_mackan_barn_0066.jpg\" alt=\"\" width=\"800\" height=\"584\" \/><img decoding=\"async\" loading=\"lazy\" class=\"pp-insert-all size-full aligncenter\" src=\"http:\/\/bossefoto.se\/wordpress\/wp-content\/uploads\/20120606_kickis_mackan_barn_0072.jpg\" alt=\"\" width=\"800\" height=\"533\" \/><img decoding=\"async\" loading=\"lazy\" class=\"pp-insert-all size-full aligncenter\" src=\"http:\/\/bossefoto.se\/wordpress\/wp-content\/uploads\/20120606_kickis_mackan_barn_0105.jpg\" alt=\"\" width=\"800\" height=\"533\" \/><img decoding=\"async\" loading=\"lazy\" class=\"pp-insert-all size-full aligncenter\" src=\"http:\/\/bossefoto.se\/wordpress\/wp-content\/uploads\/20120606_kickis_mackan_barn_0106.jpg\" alt=\"\" width=\"732\" height=\"600\" \/><img decoding=\"async\" loading=\"lazy\" class=\"pp-insert-all size-full aligncenter\" src=\"http:\/\/bossefoto.se\/wordpress\/wp-content\/uploads\/20120606_kickis_mackan_barn_0109.jpg\" alt=\"\" width=\"800\" height=\"508\" \/><img decoding=\"async\" loading=\"lazy\" class=\"pp-insert-all size-full aligncenter\" src=\"http:\/\/bossefoto.se\/wordpress\/wp-content\/uploads\/20120606_kickis_mackan_barn_0136.jpg\" alt=\"\" width=\"750\" height=\"750\" \/><img decoding=\"async\" loading=\"lazy\" class=\"pp-insert-all size-full aligncenter\" src=\"http:\/\/bossefoto.se\/wordpress\/wp-content\/uploads\/20120606_kickis_mackan_barn_0144.jpg\" alt=\"\" width=\"750\" height=\"750\" \/><img decoding=\"async\" loading=\"lazy\" class=\"pp-insert-all size-full aligncenter\" src=\"http:\/\/bossefoto.se\/wordpress\/wp-content\/uploads\/20120606_kickis_mackan_barn_0148.jpg\" alt=\"\" width=\"533\" height=\"800\" \/><img decoding=\"async\" loading=\"lazy\" class=\"pp-insert-all size-full aligncenter\" src=\"http:\/\/bossefoto.se\/wordpress\/wp-content\/uploads\/20120606_kickis_mackan_barn_0153.jpg\" alt=\"\" width=\"610\" height=\"800\" \/><img decoding=\"async\" loading=\"lazy\" class=\"pp-insert-all size-full aligncenter\" src=\"http:\/\/bossefoto.se\/wordpress\/wp-content\/uploads\/20120606_kickis_mackan_barn_0154.jpg\" alt=\"\" width=\"800\" height=\"533\" \/><img decoding=\"async\" loading=\"lazy\" class=\"pp-insert-all size-full aligncenter\" src=\"http:\/\/bossefoto.se\/wordpress\/wp-content\/uploads\/20120606_kickis_mackan_barn_0165.jpg\" alt=\"\" width=\"533\" height=\"800\" \/><\/p>\n","protected":false},"excerpt":{"rendered":"<p>I dag var vi och rekade fotolatsen f\u00f6r Mackan och Kickis stora dag, dvs deras br\u00f6llop p\u00e5 l\u00f6rdag. Blev Steninge. H\u00e4r \u00e4r j\u00e4ttevackert och vi f\u00e5r hoppas att vi \u00e4ven f\u00e5r vackert v\u00e4der p\u00e5 l\u00f6rdag. Dock s\u00e4ger v\u00e4derutsikterna att det ska regna \ud83d\ude41 Men vi har ett alternativ, Annies g\u00e5rd, och d\u00e4r vi kan ta [&hellip;]<\/p>\n","protected":false},"author":3,"featured_media":0,"comment_status":"open","ping_status":"closed","sticky":false,"template":"","format":"standard","meta":[],"categories":[9],"tags":[],"_links":{"self":[{"href":"http:\/\/bossefoto.se\/wordpress\/index.php?rest_route=\/wp\/v2\/posts\/1101"}],"collection":[{"href":"http:\/\/bossefoto.se\/wordpress\/index.php?rest_route=\/wp\/v2\/posts"}],"about":[{"href":"http:\/\/bossefoto.se\/wordpress\/index.php?rest_route=\/wp\/v2\/types\/post"}],"author":[{"embeddable":true,"href":"http:\/\/bossefoto.se\/wordpress\/index.php?rest_route=\/wp\/v2\/users\/3"}],"replies":[{"embeddable":true,"href":"http:\/\/bossefoto.se\/wordpress\/index.php?rest_route=%2Fwp%2Fv2%2Fcomments&post=1101"}],"version-history":[{"count":0,"href":"http:\/\/bossefoto.se\/wordpress\/index.php?rest_route=\/wp\/v2\/posts\/1101\/revisions"}],"wp:attachment":[{"href":"http:\/\/bossefoto.se\/wordpress\/index.php?rest_route=%2Fwp%2Fv2%2Fmedia&parent=1101"}],"wp:term":[{"taxonomy":"category","embeddable":true,"href":"http:\/\/bossefoto.se\/wordpress\/index.php?rest_route=%2Fwp%2Fv2%2Fcategories&post=1101"},{"taxonomy":"post_tag","embeddable":true,"href":"http:\/\/bossefoto.se\/wordpress\/index.php?rest_route=%2Fwp%2Fv2%2Ftags&post=1101"}],"curies":[{"name":"wp","href":"https:\/\/api.w.org\/{rel}","templated":true}]}}