{"id":1125,"date":"2012-06-11T16:04:20","date_gmt":"2012-06-11T14:04:20","guid":{"rendered":"http:\/\/bossefoto.se\/wordpress\/?p=1125"},"modified":"2012-06-11T16:04:20","modified_gmt":"2012-06-11T14:04:20","slug":"christina-kickis-och-marcus-mackan-nu-gifta","status":"publish","type":"post","link":"http:\/\/bossefoto.se\/wordpress\/?p=1125","title":{"rendered":"Christina (Kickis) och Marcus (Mackan) nu gifta"},"content":{"rendered":"<p>Ja, nu \u00e4r det klart &#8211; nu \u00e4r det herr och fru Holm som sagt ja till varandra i Steninge Kyrka. Vi hade otroligt tur med v\u00e4dret d\u00e5 vi hade en str\u00e5lande dag med sol och v\u00e4rme. Helt emot vad prognosen sagt fr\u00e5n b\u00f6rjan. Och nog regnade det &#8211; b\u00e5de p\u00e5 fredagen dagen efter, s\u00f6ndagen. S\u00e5 nog hade de tur \ud83d\ude42 H\u00e4r \u00e4r 2 bilder fr\u00e5n dagen. Fler kommer upp n\u00e4r brudparet har f\u00e5tt se sina bilder och sagt sitt. Stort grattis fr\u00e5n er fotograf och som hade otroligt roligt &#8211; \u00e4ven om tenkiken f\u00f6rs\u00f6kte spela oss ett spratt ett tag \ud83d\ude42<\/p>\n<p><img decoding=\"async\" loading=\"lazy\" class=\"pp-insert-all size-full aligncenter\" src=\"http:\/\/bossefoto.se\/wordpress\/wp-content\/uploads\/20120609_kickis_mackan_2_0078.jpg\" alt=\"\" width=\"800\" height=\"533\" \/><img decoding=\"async\" loading=\"lazy\" class=\"pp-insert-all size-full aligncenter\" src=\"http:\/\/bossefoto.se\/wordpress\/wp-content\/uploads\/20120609_kickis_mackan_2_0018.jpg\" alt=\"\" width=\"800\" height=\"533\" \/><\/p>\n","protected":false},"excerpt":{"rendered":"<p>Ja, nu \u00e4r det klart &#8211; nu \u00e4r det herr och fru Holm som sagt ja till varandra i Steninge Kyrka. Vi hade otroligt tur med v\u00e4dret d\u00e5 vi hade en str\u00e5lande dag med sol och v\u00e4rme. Helt emot vad prognosen sagt fr\u00e5n b\u00f6rjan. Och nog regnade det &#8211; b\u00e5de p\u00e5 fredagen dagen efter, s\u00f6ndagen. [&hellip;]<\/p>\n","protected":false},"author":3,"featured_media":0,"comment_status":"open","ping_status":"closed","sticky":false,"template":"","format":"standard","meta":[],"categories":[9],"tags":[],"_links":{"self":[{"href":"http:\/\/bossefoto.se\/wordpress\/index.php?rest_route=\/wp\/v2\/posts\/1125"}],"collection":[{"href":"http:\/\/bossefoto.se\/wordpress\/index.php?rest_route=\/wp\/v2\/posts"}],"about":[{"href":"http:\/\/bossefoto.se\/wordpress\/index.php?rest_route=\/wp\/v2\/types\/post"}],"author":[{"embeddable":true,"href":"http:\/\/bossefoto.se\/wordpress\/index.php?rest_route=\/wp\/v2\/users\/3"}],"replies":[{"embeddable":true,"href":"http:\/\/bossefoto.se\/wordpress\/index.php?rest_route=%2Fwp%2Fv2%2Fcomments&post=1125"}],"version-history":[{"count":0,"href":"http:\/\/bossefoto.se\/wordpress\/index.php?rest_route=\/wp\/v2\/posts\/1125\/revisions"}],"wp:attachment":[{"href":"http:\/\/bossefoto.se\/wordpress\/index.php?rest_route=%2Fwp%2Fv2%2Fmedia&parent=1125"}],"wp:term":[{"taxonomy":"category","embeddable":true,"href":"http:\/\/bossefoto.se\/wordpress\/index.php?rest_route=%2Fwp%2Fv2%2Fcategories&post=1125"},{"taxonomy":"post_tag","embeddable":true,"href":"http:\/\/bossefoto.se\/wordpress\/index.php?rest_route=%2Fwp%2Fv2%2Ftags&post=1125"}],"curies":[{"name":"wp","href":"https:\/\/api.w.org\/{rel}","templated":true}]}}