{"id":1143,"date":"2012-05-13T19:49:52","date_gmt":"2012-05-13T17:49:52","guid":{"rendered":"http:\/\/bossefoto.se\/wordpress\/?p=1143"},"modified":"2012-06-11T19:50:14","modified_gmt":"2012-06-11T17:50:14","slug":"min-kompis-svensson-och-hans-bage","status":"publish","type":"post","link":"http:\/\/bossefoto.se\/wordpress\/?p=1143","title":{"rendered":"Min kompis Svensson och hans &#8221;b\u00e5ge&#8221;"},"content":{"rendered":"<p>Min b\u00e4sta kompis &#8221;Svensson&#8221; har fr\u00e5gat mig flera ggr om jag inte kunde fotografera hans motocykel. Ja, i dag vad det dags \ud83d\ude42 Vi drog ner till Skarvik med lite blixtar och h\u00e4rligt v\u00e4der. H\u00e4r \u00e4r ett par bilder fr\u00e5n kv\u00e4llen.<\/p>\n<p><img decoding=\"async\" loading=\"lazy\" class=\"pp-insert-all size-full aligncenter\" src=\"http:\/\/bossefoto.se\/wordpress\/wp-content\/uploads\/20120513_magnus_motorcykel_0001.jpg\" alt=\"\" width=\"800\" height=\"533\" \/><img decoding=\"async\" loading=\"lazy\" class=\"pp-insert-all size-full aligncenter\" src=\"http:\/\/bossefoto.se\/wordpress\/wp-content\/uploads\/20120513_magnus_motorcykel_0050.jpg\" alt=\"\" width=\"800\" height=\"533\" \/><img decoding=\"async\" loading=\"lazy\" class=\"pp-insert-all size-full aligncenter\" src=\"http:\/\/bossefoto.se\/wordpress\/wp-content\/uploads\/20120513_magnus_motorcykel_0053_farg.jpg\" alt=\"\" width=\"533\" height=\"800\" \/><img decoding=\"async\" loading=\"lazy\" class=\"pp-insert-all size-full aligncenter\" src=\"http:\/\/bossefoto.se\/wordpress\/wp-content\/uploads\/20120513_magnus_motorcykel_0053-2.jpg\" alt=\"\" width=\"533\" height=\"800\" \/><img decoding=\"async\" loading=\"lazy\" class=\"pp-insert-all size-full aligncenter\" src=\"http:\/\/bossefoto.se\/wordpress\/wp-content\/uploads\/20120513_magnus_motorcykel_0059.jpg\" alt=\"\" width=\"800\" height=\"533\" \/><\/p>\n","protected":false},"excerpt":{"rendered":"<p>Min b\u00e4sta kompis &#8221;Svensson&#8221; har fr\u00e5gat mig flera ggr om jag inte kunde fotografera hans motocykel. Ja, i dag vad det dags \ud83d\ude42 Vi drog ner till Skarvik med lite blixtar och h\u00e4rligt v\u00e4der. H\u00e4r \u00e4r ett par bilder fr\u00e5n kv\u00e4llen.<\/p>\n","protected":false},"author":3,"featured_media":0,"comment_status":"open","ping_status":"closed","sticky":false,"template":"","format":"standard","meta":[],"categories":[8],"tags":[],"_links":{"self":[{"href":"http:\/\/bossefoto.se\/wordpress\/index.php?rest_route=\/wp\/v2\/posts\/1143"}],"collection":[{"href":"http:\/\/bossefoto.se\/wordpress\/index.php?rest_route=\/wp\/v2\/posts"}],"about":[{"href":"http:\/\/bossefoto.se\/wordpress\/index.php?rest_route=\/wp\/v2\/types\/post"}],"author":[{"embeddable":true,"href":"http:\/\/bossefoto.se\/wordpress\/index.php?rest_route=\/wp\/v2\/users\/3"}],"replies":[{"embeddable":true,"href":"http:\/\/bossefoto.se\/wordpress\/index.php?rest_route=%2Fwp%2Fv2%2Fcomments&post=1143"}],"version-history":[{"count":0,"href":"http:\/\/bossefoto.se\/wordpress\/index.php?rest_route=\/wp\/v2\/posts\/1143\/revisions"}],"wp:attachment":[{"href":"http:\/\/bossefoto.se\/wordpress\/index.php?rest_route=%2Fwp%2Fv2%2Fmedia&parent=1143"}],"wp:term":[{"taxonomy":"category","embeddable":true,"href":"http:\/\/bossefoto.se\/wordpress\/index.php?rest_route=%2Fwp%2Fv2%2Fcategories&post=1143"},{"taxonomy":"post_tag","embeddable":true,"href":"http:\/\/bossefoto.se\/wordpress\/index.php?rest_route=%2Fwp%2Fv2%2Ftags&post=1143"}],"curies":[{"name":"wp","href":"https:\/\/api.w.org\/{rel}","templated":true}]}}