{"id":120,"date":"2009-12-26T19:49:34","date_gmt":"2009-12-26T17:49:34","guid":{"rendered":"http:\/\/bossefoto.se\/wordpress\/?p=120"},"modified":"2010-05-14T21:02:03","modified_gmt":"2010-05-14T19:02:03","slug":"julkort","status":"publish","type":"post","link":"http:\/\/bossefoto.se\/wordpress\/?p=120","title":{"rendered":"Julkort"},"content":{"rendered":"<p>Skrev tidigare om att jag skulle l\u00e4gga upp julkortet vi gjorde med  Isac och med min bror:s barn. H\u00e4r \u00e4r de \ud83d\ude42<br \/>\nB\u00e5da korten \u00e4r tagna i min studio.<\/p>\n<div id=\"attachment_121\" style=\"width: 910px\" class=\"wp-caption aligncenter\"><img aria-describedby=\"caption-attachment-121\" decoding=\"async\" loading=\"lazy\" class=\"size-full wp-image-121\" title=\"julkort_lag\" src=\"http:\/\/bossefoto.se\/wordpress\/wp-content\/uploads\/julkort_lag.jpg\" alt=\"Isac som jultomte\" width=\"900\" height=\"900\" srcset=\"http:\/\/bossefoto.se\/wordpress\/wp-content\/uploads\/julkort_lag.jpg 900w, http:\/\/bossefoto.se\/wordpress\/wp-content\/uploads\/julkort_lag-150x150.jpg 150w, http:\/\/bossefoto.se\/wordpress\/wp-content\/uploads\/julkort_lag-300x300.jpg 300w, http:\/\/bossefoto.se\/wordpress\/wp-content\/uploads\/julkort_lag-160x160.jpg 160w, http:\/\/bossefoto.se\/wordpress\/wp-content\/uploads\/julkort_lag-80x80.jpg 80w, http:\/\/bossefoto.se\/wordpress\/wp-content\/uploads\/julkort_lag-320x320.jpg 320w, http:\/\/bossefoto.se\/wordpress\/wp-content\/uploads\/julkort_lag-600x600.jpg 600w, http:\/\/bossefoto.se\/wordpress\/wp-content\/uploads\/julkort_lag-400x400.jpg 400w, http:\/\/bossefoto.se\/wordpress\/wp-content\/uploads\/julkort_lag-800x800.jpg 800w\" sizes=\"(max-width: 900px) 100vw, 900px\" \/><p id=\"caption-attachment-121\" class=\"wp-caption-text\">Isac som jultomte<\/p><\/div>\n<div id=\"attachment_122\" style=\"width: 910px\" class=\"wp-caption aligncenter\"><img aria-describedby=\"caption-attachment-122\" decoding=\"async\" loading=\"lazy\" class=\"size-full wp-image-122\" title=\"julkort_sernemyrs_lag\" src=\"http:\/\/bossefoto.se\/wordpress\/wp-content\/uploads\/julkort_sernemyrs_lag.jpg\" alt=\"Siri, Elis och Noah - familjen Sernemyrs julkort och som jag tog i min studio\" width=\"900\" height=\"900\" srcset=\"http:\/\/bossefoto.se\/wordpress\/wp-content\/uploads\/julkort_sernemyrs_lag.jpg 900w, http:\/\/bossefoto.se\/wordpress\/wp-content\/uploads\/julkort_sernemyrs_lag-150x150.jpg 150w, http:\/\/bossefoto.se\/wordpress\/wp-content\/uploads\/julkort_sernemyrs_lag-300x300.jpg 300w\" sizes=\"(max-width: 900px) 100vw, 900px\" \/><p id=\"caption-attachment-122\" class=\"wp-caption-text\">Siri, Elis och Noah - familjen Sernemyrs julkort och som jag tog i min studio<\/p><\/div>\n","protected":false},"excerpt":{"rendered":"<p>Skrev tidigare om att jag skulle l\u00e4gga upp julkortet vi gjorde med Isac och med min bror:s barn. H\u00e4r \u00e4r de \ud83d\ude42 B\u00e5da korten \u00e4r tagna i min studio.<\/p>\n","protected":false},"author":3,"featured_media":0,"comment_status":"open","ping_status":"closed","sticky":false,"template":"","format":"standard","meta":[],"categories":[7,3],"tags":[],"_links":{"self":[{"href":"http:\/\/bossefoto.se\/wordpress\/index.php?rest_route=\/wp\/v2\/posts\/120"}],"collection":[{"href":"http:\/\/bossefoto.se\/wordpress\/index.php?rest_route=\/wp\/v2\/posts"}],"about":[{"href":"http:\/\/bossefoto.se\/wordpress\/index.php?rest_route=\/wp\/v2\/types\/post"}],"author":[{"embeddable":true,"href":"http:\/\/bossefoto.se\/wordpress\/index.php?rest_route=\/wp\/v2\/users\/3"}],"replies":[{"embeddable":true,"href":"http:\/\/bossefoto.se\/wordpress\/index.php?rest_route=%2Fwp%2Fv2%2Fcomments&post=120"}],"version-history":[{"count":0,"href":"http:\/\/bossefoto.se\/wordpress\/index.php?rest_route=\/wp\/v2\/posts\/120\/revisions"}],"wp:attachment":[{"href":"http:\/\/bossefoto.se\/wordpress\/index.php?rest_route=%2Fwp%2Fv2%2Fmedia&parent=120"}],"wp:term":[{"taxonomy":"category","embeddable":true,"href":"http:\/\/bossefoto.se\/wordpress\/index.php?rest_route=%2Fwp%2Fv2%2Fcategories&post=120"},{"taxonomy":"post_tag","embeddable":true,"href":"http:\/\/bossefoto.se\/wordpress\/index.php?rest_route=%2Fwp%2Fv2%2Ftags&post=120"}],"curies":[{"name":"wp","href":"https:\/\/api.w.org\/{rel}","templated":true}]}}