{"id":1246,"date":"2012-08-24T21:29:11","date_gmt":"2012-08-24T19:29:11","guid":{"rendered":"http:\/\/bossefoto.se\/wordpress\/?p=1246"},"modified":"2012-08-24T21:29:11","modified_gmt":"2012-08-24T19:29:11","slug":"emma-och-elin","status":"publish","type":"post","link":"http:\/\/bossefoto.se\/wordpress\/?p=1246","title":{"rendered":"Emma och Elin"},"content":{"rendered":"<p>\u00c4r otroligt d\u00e5lig p\u00e5 att blogga nu f\u00f6r tiden&#8230;&#8230; Har en hel del bilder som borde ut men tiden bara rinner i \u00a0v\u00e4g. Ja, d\u00e5lig urs\u00e4kt, jag vet. Men i kv\u00e4ll s\u00e5 hade jag en av mina barnfotograferingar och som jag ska blogga lite kort om. Var syskonen Emma och Elin som jag tog lite bilder p\u00e5 nere p\u00e5 stranden i Vilsh\u00e4rad, min utomhusstudio \ud83d\ude42 Var en h\u00e4rlig kv\u00e4ll och jag tror det blev m\u00e5nga h\u00e4rliga bilder p\u00e5 dem tillsammans och enskilt. H\u00e4r nedan \u00e4r ett exempel. Fler kommer n\u00e4r f\u00f6r\u00e4ldrarna har f\u00e5tt se alla bilderna och sagt sitt \ud83d\ude42<\/p>\n<p>\u00c4r du intresserad sj\u00e4lv av en fotosession s\u00e5 h\u00f6r av dig. Finns m\u00f6jlighet nu under september att f\u00e5 till lite h\u00e4rliga h\u00f6stbilder. Varf\u00f6r inte t\u00e4nka p\u00e5 julklappar redan nu och g\u00f6ra t ex h\u00e4rliga canvastavlor och ge bort? \ud83d\ude42<\/p>\n<p><img decoding=\"async\" loading=\"lazy\" class=\"aligncenter size-full wp-image-1247\" title=\"20120824_emma_elin_0119\" src=\"http:\/\/bossefoto.se\/wordpress\/wp-content\/uploads\/20120824_emma_elin_0119.jpg\" alt=\"\" width=\"800\" height=\"533\" srcset=\"http:\/\/bossefoto.se\/wordpress\/wp-content\/uploads\/20120824_emma_elin_0119.jpg 800w, http:\/\/bossefoto.se\/wordpress\/wp-content\/uploads\/20120824_emma_elin_0119-300x199.jpg 300w, http:\/\/bossefoto.se\/wordpress\/wp-content\/uploads\/20120824_emma_elin_0119-360x240.jpg 360w, http:\/\/bossefoto.se\/wordpress\/wp-content\/uploads\/20120824_emma_elin_0119-720x480.jpg 720w\" sizes=\"(max-width: 800px) 100vw, 800px\" \/><\/p>\n<p>&nbsp;<\/p>\n","protected":false},"excerpt":{"rendered":"<p>\u00c4r otroligt d\u00e5lig p\u00e5 att blogga nu f\u00f6r tiden&#8230;&#8230; Har en hel del bilder som borde ut men tiden bara rinner i \u00a0v\u00e4g. Ja, d\u00e5lig urs\u00e4kt, jag vet. Men i kv\u00e4ll s\u00e5 hade jag en av mina barnfotograferingar och som jag ska blogga lite kort om. Var syskonen Emma och Elin som jag tog lite [&hellip;]<\/p>\n","protected":false},"author":3,"featured_media":0,"comment_status":"open","ping_status":"closed","sticky":false,"template":"","format":"standard","meta":[],"categories":[7],"tags":[],"_links":{"self":[{"href":"http:\/\/bossefoto.se\/wordpress\/index.php?rest_route=\/wp\/v2\/posts\/1246"}],"collection":[{"href":"http:\/\/bossefoto.se\/wordpress\/index.php?rest_route=\/wp\/v2\/posts"}],"about":[{"href":"http:\/\/bossefoto.se\/wordpress\/index.php?rest_route=\/wp\/v2\/types\/post"}],"author":[{"embeddable":true,"href":"http:\/\/bossefoto.se\/wordpress\/index.php?rest_route=\/wp\/v2\/users\/3"}],"replies":[{"embeddable":true,"href":"http:\/\/bossefoto.se\/wordpress\/index.php?rest_route=%2Fwp%2Fv2%2Fcomments&post=1246"}],"version-history":[{"count":0,"href":"http:\/\/bossefoto.se\/wordpress\/index.php?rest_route=\/wp\/v2\/posts\/1246\/revisions"}],"wp:attachment":[{"href":"http:\/\/bossefoto.se\/wordpress\/index.php?rest_route=%2Fwp%2Fv2%2Fmedia&parent=1246"}],"wp:term":[{"taxonomy":"category","embeddable":true,"href":"http:\/\/bossefoto.se\/wordpress\/index.php?rest_route=%2Fwp%2Fv2%2Fcategories&post=1246"},{"taxonomy":"post_tag","embeddable":true,"href":"http:\/\/bossefoto.se\/wordpress\/index.php?rest_route=%2Fwp%2Fv2%2Ftags&post=1246"}],"curies":[{"name":"wp","href":"https:\/\/api.w.org\/{rel}","templated":true}]}}