{"id":129,"date":"2010-01-10T21:04:04","date_gmt":"2010-01-10T19:04:04","guid":{"rendered":"http:\/\/bossefoto.se\/wordpress\/?p=129"},"modified":"2010-05-14T21:02:03","modified_gmt":"2010-05-14T19:02:03","slug":"vilshard-100110","status":"publish","type":"post","link":"http:\/\/bossefoto.se\/wordpress\/?p=129","title":{"rendered":"Vilsh\u00e4rd 100110"},"content":{"rendered":"<p>Var nere och tog ett par kv\u00e4llsbilder i dag nere p\u00e5 Vilsh\u00e4rad strand. Bilden med Haverdalsbukten\/Skallen hade jag en slutartid p\u00e5 n\u00e4sta 30 Sek. Fick naturligtvis anv\u00e4nda stativ :-). Har medvetet gjort den lite kall\/bl\u00e5.<\/p>\n<div id=\"attachment_130\" style=\"width: 910px\" class=\"wp-caption aligncenter\"><img aria-describedby=\"caption-attachment-130\" decoding=\"async\" loading=\"lazy\" class=\"size-full wp-image-130\" title=\"_MG_1455\" src=\"http:\/\/bossefoto.se\/wordpress\/wp-content\/uploads\/MG_1455.jpg\" alt=\"Vilsh\u00e4rad strand med Haverdalsbukten\/Skallen p\u00e5 andra sidan\" width=\"900\" height=\"617\" srcset=\"http:\/\/bossefoto.se\/wordpress\/wp-content\/uploads\/MG_1455.jpg 900w, http:\/\/bossefoto.se\/wordpress\/wp-content\/uploads\/MG_1455-300x205.jpg 300w\" sizes=\"(max-width: 900px) 100vw, 900px\" \/><p id=\"caption-attachment-130\" class=\"wp-caption-text\">Vilsh\u00e4rad strand med Haverdalsbukten\/Skallen p\u00e5 andra sidan<\/p><\/div>\n<div id=\"attachment_131\" style=\"width: 910px\" class=\"wp-caption aligncenter\"><img aria-describedby=\"caption-attachment-131\" decoding=\"async\" loading=\"lazy\" class=\"size-full wp-image-131\" title=\"_MG_1439\" src=\"http:\/\/bossefoto.se\/wordpress\/wp-content\/uploads\/MG_1439.jpg\" alt=\"Vilsh\u00e4rad strand\" width=\"900\" height=\"617\" srcset=\"http:\/\/bossefoto.se\/wordpress\/wp-content\/uploads\/MG_1439.jpg 900w, http:\/\/bossefoto.se\/wordpress\/wp-content\/uploads\/MG_1439-300x205.jpg 300w\" sizes=\"(max-width: 900px) 100vw, 900px\" \/><p id=\"caption-attachment-131\" class=\"wp-caption-text\">Vilsh\u00e4rad strand<\/p><\/div>\n","protected":false},"excerpt":{"rendered":"<p>Var nere och tog ett par kv\u00e4llsbilder i dag nere p\u00e5 Vilsh\u00e4rad strand. Bilden med Haverdalsbukten\/Skallen hade jag en slutartid p\u00e5 n\u00e4sta 30 Sek. Fick naturligtvis anv\u00e4nda stativ :-). Har medvetet gjort den lite kall\/bl\u00e5.<\/p>\n","protected":false},"author":3,"featured_media":0,"comment_status":"open","ping_status":"closed","sticky":false,"template":"","format":"standard","meta":[],"categories":[1],"tags":[],"_links":{"self":[{"href":"http:\/\/bossefoto.se\/wordpress\/index.php?rest_route=\/wp\/v2\/posts\/129"}],"collection":[{"href":"http:\/\/bossefoto.se\/wordpress\/index.php?rest_route=\/wp\/v2\/posts"}],"about":[{"href":"http:\/\/bossefoto.se\/wordpress\/index.php?rest_route=\/wp\/v2\/types\/post"}],"author":[{"embeddable":true,"href":"http:\/\/bossefoto.se\/wordpress\/index.php?rest_route=\/wp\/v2\/users\/3"}],"replies":[{"embeddable":true,"href":"http:\/\/bossefoto.se\/wordpress\/index.php?rest_route=%2Fwp%2Fv2%2Fcomments&post=129"}],"version-history":[{"count":0,"href":"http:\/\/bossefoto.se\/wordpress\/index.php?rest_route=\/wp\/v2\/posts\/129\/revisions"}],"wp:attachment":[{"href":"http:\/\/bossefoto.se\/wordpress\/index.php?rest_route=%2Fwp%2Fv2%2Fmedia&parent=129"}],"wp:term":[{"taxonomy":"category","embeddable":true,"href":"http:\/\/bossefoto.se\/wordpress\/index.php?rest_route=%2Fwp%2Fv2%2Fcategories&post=129"},{"taxonomy":"post_tag","embeddable":true,"href":"http:\/\/bossefoto.se\/wordpress\/index.php?rest_route=%2Fwp%2Fv2%2Ftags&post=129"}],"curies":[{"name":"wp","href":"https:\/\/api.w.org\/{rel}","templated":true}]}}