{"id":139,"date":"2010-01-24T01:14:20","date_gmt":"2010-01-23T23:14:20","guid":{"rendered":"http:\/\/bossefoto.se\/wordpress\/?p=139"},"modified":"2010-05-14T21:02:02","modified_gmt":"2010-05-14T19:02:02","slug":"leo","status":"publish","type":"post","link":"http:\/\/bossefoto.se\/wordpress\/?p=139","title":{"rendered":"Leo"},"content":{"rendered":"<p>Bild p\u00e5 min kamrat Leo tagen i min studio i dag.  Har lagt upp 2 st olika bildalternativ f\u00f6r att visa m\u00f6jligheterna med att redigera en bild i ett bildhandteringsprogram. Har \u00e4ven tagit med en bild, l\u00e4ngst ner, f\u00f6r visa m\u00f6jligheten till att f\u00e5 lite annorlunda bilder n\u00e4r man fotograferar i studio.<\/p>\n<div id=\"attachment_145\" style=\"width: 910px\" class=\"wp-caption aligncenter\"><img aria-describedby=\"caption-attachment-145\" decoding=\"async\" loading=\"lazy\" class=\"size-full wp-image-145\" title=\"leo_bf_4_farg\" src=\"http:\/\/bossefoto.se\/wordpress\/wp-content\/uploads\/leo_bf_4_farg.jpg\" alt=\"Leo - f\u00e4rgbild som blandats n\u00e5got med svartvit  bild\" width=\"900\" height=\"633\" srcset=\"http:\/\/bossefoto.se\/wordpress\/wp-content\/uploads\/leo_bf_4_farg.jpg 900w, http:\/\/bossefoto.se\/wordpress\/wp-content\/uploads\/leo_bf_4_farg-300x211.jpg 300w\" sizes=\"(max-width: 900px) 100vw, 900px\" \/><p id=\"caption-attachment-145\" class=\"wp-caption-text\">Leo - f\u00e4rgbild som blandats n\u00e5got med svartvit bild<\/p><\/div>\n<div class=\"mceTemp mceIEcenter\">\n<div id=\"attachment_146\" style=\"width: 910px\" class=\"wp-caption aligncenter\"><img aria-describedby=\"caption-attachment-146\" decoding=\"async\" loading=\"lazy\" class=\"size-full wp-image-146\" title=\"leo_bf_3\" src=\"http:\/\/bossefoto.se\/wordpress\/wp-content\/uploads\/leo_bf_3.jpg\" alt=\"Leo - helt svarvit bild - dock n\u00e5got redigerad\" width=\"900\" height=\"633\" srcset=\"http:\/\/bossefoto.se\/wordpress\/wp-content\/uploads\/leo_bf_3.jpg 900w, http:\/\/bossefoto.se\/wordpress\/wp-content\/uploads\/leo_bf_3-300x211.jpg 300w\" sizes=\"(max-width: 900px) 100vw, 900px\" \/><p id=\"caption-attachment-146\" class=\"wp-caption-text\">Leo - helt svarvit bild - dock n\u00e5got redigerad<\/p><\/div>\n<\/div>\n<p><img decoding=\"async\" loading=\"lazy\" class=\"aligncenter size-full wp-image-143\" title=\"leo_bf_2\" src=\"http:\/\/bossefoto.se\/wordpress\/wp-content\/uploads\/leo_bf_2.jpg\" alt=\"leo_bf_2\" width=\"599\" height=\"700\" srcset=\"http:\/\/bossefoto.se\/wordpress\/wp-content\/uploads\/leo_bf_2.jpg 599w, http:\/\/bossefoto.se\/wordpress\/wp-content\/uploads\/leo_bf_2-256x300.jpg 256w\" sizes=\"(max-width: 599px) 100vw, 599px\" \/><\/p>\n","protected":false},"excerpt":{"rendered":"<p>Bild p\u00e5 min kamrat Leo tagen i min studio i dag. Har lagt upp 2 st olika bildalternativ f\u00f6r att visa m\u00f6jligheterna med att redigera en bild i ett bildhandteringsprogram. Har \u00e4ven tagit med en bild, l\u00e4ngst ner, f\u00f6r visa m\u00f6jligheten till att f\u00e5 lite annorlunda bilder n\u00e4r man fotograferar i studio.<\/p>\n","protected":false},"author":3,"featured_media":0,"comment_status":"open","ping_status":"closed","sticky":false,"template":"","format":"standard","meta":[],"categories":[8],"tags":[],"_links":{"self":[{"href":"http:\/\/bossefoto.se\/wordpress\/index.php?rest_route=\/wp\/v2\/posts\/139"}],"collection":[{"href":"http:\/\/bossefoto.se\/wordpress\/index.php?rest_route=\/wp\/v2\/posts"}],"about":[{"href":"http:\/\/bossefoto.se\/wordpress\/index.php?rest_route=\/wp\/v2\/types\/post"}],"author":[{"embeddable":true,"href":"http:\/\/bossefoto.se\/wordpress\/index.php?rest_route=\/wp\/v2\/users\/3"}],"replies":[{"embeddable":true,"href":"http:\/\/bossefoto.se\/wordpress\/index.php?rest_route=%2Fwp%2Fv2%2Fcomments&post=139"}],"version-history":[{"count":0,"href":"http:\/\/bossefoto.se\/wordpress\/index.php?rest_route=\/wp\/v2\/posts\/139\/revisions"}],"wp:attachment":[{"href":"http:\/\/bossefoto.se\/wordpress\/index.php?rest_route=%2Fwp%2Fv2%2Fmedia&parent=139"}],"wp:term":[{"taxonomy":"category","embeddable":true,"href":"http:\/\/bossefoto.se\/wordpress\/index.php?rest_route=%2Fwp%2Fv2%2Fcategories&post=139"},{"taxonomy":"post_tag","embeddable":true,"href":"http:\/\/bossefoto.se\/wordpress\/index.php?rest_route=%2Fwp%2Fv2%2Ftags&post=139"}],"curies":[{"name":"wp","href":"https:\/\/api.w.org\/{rel}","templated":true}]}}