{"id":173,"date":"2010-04-27T21:55:43","date_gmt":"2010-04-27T19:55:43","guid":{"rendered":"http:\/\/bossefoto.se\/wordpress\/?p=173"},"modified":"2010-05-14T21:02:02","modified_gmt":"2010-05-14T19:02:02","slug":"isac-cykel-pa-stranden","status":"publish","type":"post","link":"http:\/\/bossefoto.se\/wordpress\/?p=173","title":{"rendered":".Isac &#8211; cykel p\u00e5 stranden"},"content":{"rendered":"<p>H\u00e5ller just nu p\u00e5 att fotografera f\u00f6r en kommande reklamkampanj \u00e5t en kund. I s\u00f6ndags var jag nere och tog ett par bilder p\u00e5 en modell nere p\u00e5 Vilsh\u00e4rads strand och hade d\u00e5 med mig Isac. Passade d\u00e5 p\u00e5 att ta ett par kort p\u00e5 honom ocks\u00e5 och med hans \u00e4lskade cykel och en nalle. H\u00e4r \u00e4r ett par som exempel. Bilderna \u00e4r tagen med mitt nya 70-200 2,8L IS II objektiv. Ett objektiv som redan nu har blivit en klar favorit. \u00c4lskar det! \ud83d\ude42<\/p>\n<div id=\"attachment_174\" style=\"width: 910px\" class=\"wp-caption aligncenter\"><img aria-describedby=\"caption-attachment-174\" decoding=\"async\" loading=\"lazy\" class=\"size-full wp-image-174\" title=\"Isac och sin Cykel\" src=\"http:\/\/bossefoto.se\/wordpress\/wp-content\/uploads\/Isac_cykel_strand1.jpg\" alt=\"\" width=\"900\" height=\"600\" srcset=\"http:\/\/bossefoto.se\/wordpress\/wp-content\/uploads\/Isac_cykel_strand1.jpg 900w, http:\/\/bossefoto.se\/wordpress\/wp-content\/uploads\/Isac_cykel_strand1-300x200.jpg 300w, http:\/\/bossefoto.se\/wordpress\/wp-content\/uploads\/Isac_cykel_strand1-360x240.jpg 360w, http:\/\/bossefoto.se\/wordpress\/wp-content\/uploads\/Isac_cykel_strand1-720x480.jpg 720w\" sizes=\"(max-width: 900px) 100vw, 900px\" \/><p id=\"caption-attachment-174\" class=\"wp-caption-text\">Cykelmannen....<\/p><\/div>\n<p><img decoding=\"async\" loading=\"lazy\" class=\"aligncenter size-full wp-image-177\" title=\"Isac_cykel_strand2\" src=\"http:\/\/bossefoto.se\/wordpress\/wp-content\/uploads\/Isac_cykel_strand2.jpg\" alt=\"\" width=\"900\" height=\"675\" srcset=\"http:\/\/bossefoto.se\/wordpress\/wp-content\/uploads\/Isac_cykel_strand2.jpg 900w, http:\/\/bossefoto.se\/wordpress\/wp-content\/uploads\/Isac_cykel_strand2-300x225.jpg 300w\" sizes=\"(max-width: 900px) 100vw, 900px\" \/><\/p>\n<div id=\"attachment_180\" style=\"width: 631px\" class=\"wp-caption aligncenter\"><img aria-describedby=\"caption-attachment-180\" decoding=\"async\" loading=\"lazy\" class=\"size-full wp-image-180\" title=\"Isac_strand_nalle1\" src=\"http:\/\/bossefoto.se\/wordpress\/wp-content\/uploads\/Isac_strand_nalle1.jpg\" alt=\"\" width=\"621\" height=\"800\" srcset=\"http:\/\/bossefoto.se\/wordpress\/wp-content\/uploads\/Isac_strand_nalle1.jpg 621w, http:\/\/bossefoto.se\/wordpress\/wp-content\/uploads\/Isac_strand_nalle1-232x300.jpg 232w\" sizes=\"(max-width: 621px) 100vw, 621px\" \/><p id=\"caption-attachment-180\" class=\"wp-caption-text\">Isac med sin nalle<\/p><\/div>\n<p><img decoding=\"async\" loading=\"lazy\" class=\"aligncenter size-full wp-image-183\" title=\"Isac_strand_nalle2\" src=\"http:\/\/bossefoto.se\/wordpress\/wp-content\/uploads\/Isac_strand_nalle2.jpg\" alt=\"\" width=\"650\" height=\"623\" srcset=\"http:\/\/bossefoto.se\/wordpress\/wp-content\/uploads\/Isac_strand_nalle2.jpg 650w, http:\/\/bossefoto.se\/wordpress\/wp-content\/uploads\/Isac_strand_nalle2-300x287.jpg 300w\" sizes=\"(max-width: 650px) 100vw, 650px\" \/><\/p>\n","protected":false},"excerpt":{"rendered":"<p>H\u00e5ller just nu p\u00e5 att fotografera f\u00f6r en kommande reklamkampanj \u00e5t en kund. I s\u00f6ndags var jag nere och tog ett par bilder p\u00e5 en modell nere p\u00e5 Vilsh\u00e4rads strand och hade d\u00e5 med mig Isac. Passade d\u00e5 p\u00e5 att ta ett par kort p\u00e5 honom ocks\u00e5 och med hans \u00e4lskade cykel och en nalle. [&hellip;]<\/p>\n","protected":false},"author":3,"featured_media":0,"comment_status":"open","ping_status":"closed","sticky":false,"template":"","format":"standard","meta":[],"categories":[7,3],"tags":[],"_links":{"self":[{"href":"http:\/\/bossefoto.se\/wordpress\/index.php?rest_route=\/wp\/v2\/posts\/173"}],"collection":[{"href":"http:\/\/bossefoto.se\/wordpress\/index.php?rest_route=\/wp\/v2\/posts"}],"about":[{"href":"http:\/\/bossefoto.se\/wordpress\/index.php?rest_route=\/wp\/v2\/types\/post"}],"author":[{"embeddable":true,"href":"http:\/\/bossefoto.se\/wordpress\/index.php?rest_route=\/wp\/v2\/users\/3"}],"replies":[{"embeddable":true,"href":"http:\/\/bossefoto.se\/wordpress\/index.php?rest_route=%2Fwp%2Fv2%2Fcomments&post=173"}],"version-history":[{"count":0,"href":"http:\/\/bossefoto.se\/wordpress\/index.php?rest_route=\/wp\/v2\/posts\/173\/revisions"}],"wp:attachment":[{"href":"http:\/\/bossefoto.se\/wordpress\/index.php?rest_route=%2Fwp%2Fv2%2Fmedia&parent=173"}],"wp:term":[{"taxonomy":"category","embeddable":true,"href":"http:\/\/bossefoto.se\/wordpress\/index.php?rest_route=%2Fwp%2Fv2%2Fcategories&post=173"},{"taxonomy":"post_tag","embeddable":true,"href":"http:\/\/bossefoto.se\/wordpress\/index.php?rest_route=%2Fwp%2Fv2%2Ftags&post=173"}],"curies":[{"name":"wp","href":"https:\/\/api.w.org\/{rel}","templated":true}]}}