{"id":19,"date":"2009-08-17T00:10:32","date_gmt":"2009-08-16T22:10:32","guid":{"rendered":"http:\/\/bossefoto.se\/wordpress\/?p=19"},"modified":"2009-08-24T23:27:36","modified_gmt":"2009-08-24T21:27:36","slug":"en-dag-pa-stranden","status":"publish","type":"post","link":"http:\/\/bossefoto.se\/wordpress\/?p=19","title":{"rendered":"En dag p\u00e5 stranden"},"content":{"rendered":"<p>I dag hade jag t\u00e4nkt \u00e5ka ner p\u00e5 stranden f\u00f6r att f\u00f6rs\u00f6ka ta lite bilder som jag skulle g\u00f6ra om till svartvitt p\u00e5 Isac. Men tyv\u00e4rr s\u00e5 fick vi f\u00f6r ovanlighetens skulle vackert v\u00e4der i dag vilket innebar att jag inte fick de ljus som jag riktigt ville. Men det blev i alla fall ett par kort p\u00e5 v\u00e5r lille \u00e4lskling. <img decoding=\"async\" loading=\"lazy\" class=\"aligncenter size-full wp-image-21\" title=\"Isac_090817_no2\" src=\"http:\/\/bossefoto.se\/wordpress\/wp-content\/uploads\/Isac_090817_no2.jpg\" alt=\"Isac_090817_no2\" width=\"533\" height=\"800\" srcset=\"http:\/\/bossefoto.se\/wordpress\/wp-content\/uploads\/Isac_090817_no2.jpg 533w, http:\/\/bossefoto.se\/wordpress\/wp-content\/uploads\/Isac_090817_no2-199x300.jpg 199w\" sizes=\"(max-width: 533px) 100vw, 533px\" \/><img decoding=\"async\" loading=\"lazy\" class=\"aligncenter size-full wp-image-27\" title=\"Isac_090817_no3\" src=\"http:\/\/bossefoto.se\/wordpress\/wp-content\/uploads\/Isac_090817_no3.jpg\" alt=\"Isac_090817_no3\" width=\"800\" height=\"533\" srcset=\"http:\/\/bossefoto.se\/wordpress\/wp-content\/uploads\/Isac_090817_no3.jpg 800w, http:\/\/bossefoto.se\/wordpress\/wp-content\/uploads\/Isac_090817_no3-300x199.jpg 300w\" sizes=\"(max-width: 800px) 100vw, 800px\" \/><img decoding=\"async\" loading=\"lazy\" class=\"aligncenter size-full wp-image-57\" title=\"Isac_090817_no4\" src=\"http:\/\/bossefoto.se\/wordpress\/wp-content\/uploads\/Isac_090817_no4.jpg\" alt=\"Isac_090817_no4\" width=\"800\" height=\"533\" srcset=\"http:\/\/bossefoto.se\/wordpress\/wp-content\/uploads\/Isac_090817_no4.jpg 800w, http:\/\/bossefoto.se\/wordpress\/wp-content\/uploads\/Isac_090817_no4-300x199.jpg 300w\" sizes=\"(max-width: 800px) 100vw, 800px\" \/><img decoding=\"async\" loading=\"lazy\" class=\"aligncenter size-full wp-image-20\" title=\"Isac_090817\" src=\"http:\/\/bossefoto.se\/wordpress\/wp-content\/uploads\/Isac_090817.jpg\" alt=\"Isac_090817\" width=\"800\" height=\"533\" srcset=\"http:\/\/bossefoto.se\/wordpress\/wp-content\/uploads\/Isac_090817.jpg 800w, http:\/\/bossefoto.se\/wordpress\/wp-content\/uploads\/Isac_090817-300x199.jpg 300w\" sizes=\"(max-width: 800px) 100vw, 800px\" \/><\/p>\n<p><img decoding=\"async\" loading=\"lazy\" class=\"aligncenter size-full wp-image-58\" title=\"Isac_090817_no5\" src=\"http:\/\/bossefoto.se\/wordpress\/wp-content\/uploads\/Isac_090817_no5.jpg\" alt=\"Isac_090817_no5\" width=\"900\" height=\"675\" srcset=\"http:\/\/bossefoto.se\/wordpress\/wp-content\/uploads\/Isac_090817_no5.jpg 900w, http:\/\/bossefoto.se\/wordpress\/wp-content\/uploads\/Isac_090817_no5-300x225.jpg 300w\" sizes=\"(max-width: 900px) 100vw, 900px\" \/><\/p>\n","protected":false},"excerpt":{"rendered":"<p>I dag hade jag t\u00e4nkt \u00e5ka ner p\u00e5 stranden f\u00f6r att f\u00f6rs\u00f6ka ta lite bilder som jag skulle g\u00f6ra om till svartvitt p\u00e5 Isac. Men tyv\u00e4rr s\u00e5 fick vi f\u00f6r ovanlighetens skulle vackert v\u00e4der i dag vilket innebar att jag inte fick de ljus som jag riktigt ville. Men det blev i alla fall ett [&hellip;]<\/p>\n","protected":false},"author":3,"featured_media":0,"comment_status":"open","ping_status":"open","sticky":false,"template":"","format":"standard","meta":[],"categories":[3],"tags":[],"_links":{"self":[{"href":"http:\/\/bossefoto.se\/wordpress\/index.php?rest_route=\/wp\/v2\/posts\/19"}],"collection":[{"href":"http:\/\/bossefoto.se\/wordpress\/index.php?rest_route=\/wp\/v2\/posts"}],"about":[{"href":"http:\/\/bossefoto.se\/wordpress\/index.php?rest_route=\/wp\/v2\/types\/post"}],"author":[{"embeddable":true,"href":"http:\/\/bossefoto.se\/wordpress\/index.php?rest_route=\/wp\/v2\/users\/3"}],"replies":[{"embeddable":true,"href":"http:\/\/bossefoto.se\/wordpress\/index.php?rest_route=%2Fwp%2Fv2%2Fcomments&post=19"}],"version-history":[{"count":0,"href":"http:\/\/bossefoto.se\/wordpress\/index.php?rest_route=\/wp\/v2\/posts\/19\/revisions"}],"wp:attachment":[{"href":"http:\/\/bossefoto.se\/wordpress\/index.php?rest_route=%2Fwp%2Fv2%2Fmedia&parent=19"}],"wp:term":[{"taxonomy":"category","embeddable":true,"href":"http:\/\/bossefoto.se\/wordpress\/index.php?rest_route=%2Fwp%2Fv2%2Fcategories&post=19"},{"taxonomy":"post_tag","embeddable":true,"href":"http:\/\/bossefoto.se\/wordpress\/index.php?rest_route=%2Fwp%2Fv2%2Ftags&post=19"}],"curies":[{"name":"wp","href":"https:\/\/api.w.org\/{rel}","templated":true}]}}