{"id":2096,"date":"2014-06-21T16:47:55","date_gmt":"2014-06-21T14:47:55","guid":{"rendered":"http:\/\/bossefoto.se\/wordpress\/?p=2096"},"modified":"2014-06-21T16:47:55","modified_gmt":"2014-06-21T14:47:55","slug":"fiffi","status":"publish","type":"post","link":"http:\/\/bossefoto.se\/wordpress\/?p=2096","title":{"rendered":"Fiffi"},"content":{"rendered":"<p>I samband med Amandas studentfirande s\u00e5 var det med en g\u00e4st, Evelina, och som hade med sin hud Fiffi till uppvaktningen hemma hos Magnus. Efter bilderna p\u00e5 Amanda var klara s\u00e5 fick jag fr\u00e5gan om jag inte kunde fotografera \u00e4ven Fiifi. Sagt och gjort &#8211; \u00e4r h\u00e4r ett par exempel p\u00e5 vovven \ud83d\ude42<\/p>\n<p>&nbsp;<\/p>\n<p><img decoding=\"async\" loading=\"lazy\" class=\"aligncenter size-full wp-image-2097\" src=\"http:\/\/bossefoto.se\/wordpress\/wp-content\/uploads\/20140613_evelina_hund_0008.jpg\" alt=\"20140613_evelina_hund_0008\" width=\"577\" height=\"800\" srcset=\"http:\/\/bossefoto.se\/wordpress\/wp-content\/uploads\/20140613_evelina_hund_0008.jpg 577w, http:\/\/bossefoto.se\/wordpress\/wp-content\/uploads\/20140613_evelina_hund_0008-216x300.jpg 216w\" sizes=\"(max-width: 577px) 100vw, 577px\" \/><img decoding=\"async\" loading=\"lazy\" class=\"aligncenter size-large wp-image-2098\" src=\"http:\/\/bossefoto.se\/wordpress\/wp-content\/uploads\/20140613_evelina_hund_0016.jpg\" alt=\"20140613_evelina_hund_0016\" width=\"800\" height=\"550\" srcset=\"http:\/\/bossefoto.se\/wordpress\/wp-content\/uploads\/20140613_evelina_hund_0016.jpg 800w, http:\/\/bossefoto.se\/wordpress\/wp-content\/uploads\/20140613_evelina_hund_0016-300x206.jpg 300w\" sizes=\"(max-width: 800px) 100vw, 800px\" \/><img decoding=\"async\" loading=\"lazy\" class=\"aligncenter size-large wp-image-2099\" src=\"http:\/\/bossefoto.se\/wordpress\/wp-content\/uploads\/20140613_evelina_hund_0027-2.jpg\" alt=\"20140613_evelina_hund_0027-2\" width=\"800\" height=\"596\" srcset=\"http:\/\/bossefoto.se\/wordpress\/wp-content\/uploads\/20140613_evelina_hund_0027-2.jpg 800w, http:\/\/bossefoto.se\/wordpress\/wp-content\/uploads\/20140613_evelina_hund_0027-2-300x223.jpg 300w\" sizes=\"(max-width: 800px) 100vw, 800px\" \/><img decoding=\"async\" loading=\"lazy\" class=\"aligncenter size-large wp-image-2100\" src=\"http:\/\/bossefoto.se\/wordpress\/wp-content\/uploads\/20140613_evelina_hund_0029.jpg\" alt=\"20140613_evelina_hund_0029\" width=\"800\" height=\"800\" srcset=\"http:\/\/bossefoto.se\/wordpress\/wp-content\/uploads\/20140613_evelina_hund_0029.jpg 800w, http:\/\/bossefoto.se\/wordpress\/wp-content\/uploads\/20140613_evelina_hund_0029-150x150.jpg 150w, http:\/\/bossefoto.se\/wordpress\/wp-content\/uploads\/20140613_evelina_hund_0029-300x300.jpg 300w\" sizes=\"(max-width: 800px) 100vw, 800px\" \/><img decoding=\"async\" loading=\"lazy\" class=\"aligncenter size-large wp-image-2101\" src=\"http:\/\/bossefoto.se\/wordpress\/wp-content\/uploads\/20140613_evelina_hund_0038.jpg\" alt=\"20140613_evelina_hund_0038\" width=\"800\" height=\"747\" srcset=\"http:\/\/bossefoto.se\/wordpress\/wp-content\/uploads\/20140613_evelina_hund_0038.jpg 800w, http:\/\/bossefoto.se\/wordpress\/wp-content\/uploads\/20140613_evelina_hund_0038-300x280.jpg 300w\" sizes=\"(max-width: 800px) 100vw, 800px\" \/><\/p>\n<p>&nbsp;<\/p>\n","protected":false},"excerpt":{"rendered":"<p>I samband med Amandas studentfirande s\u00e5 var det med en g\u00e4st, Evelina, och som hade med sin hud Fiffi till uppvaktningen hemma hos Magnus. Efter bilderna p\u00e5 Amanda var klara s\u00e5 fick jag fr\u00e5gan om jag inte kunde fotografera \u00e4ven Fiifi. Sagt och gjort &#8211; \u00e4r h\u00e4r ett par exempel p\u00e5 vovven \ud83d\ude42 &nbsp; &nbsp;<\/p>\n","protected":false},"author":3,"featured_media":0,"comment_status":"open","ping_status":"closed","sticky":false,"template":"","format":"standard","meta":[],"categories":[6],"tags":[],"_links":{"self":[{"href":"http:\/\/bossefoto.se\/wordpress\/index.php?rest_route=\/wp\/v2\/posts\/2096"}],"collection":[{"href":"http:\/\/bossefoto.se\/wordpress\/index.php?rest_route=\/wp\/v2\/posts"}],"about":[{"href":"http:\/\/bossefoto.se\/wordpress\/index.php?rest_route=\/wp\/v2\/types\/post"}],"author":[{"embeddable":true,"href":"http:\/\/bossefoto.se\/wordpress\/index.php?rest_route=\/wp\/v2\/users\/3"}],"replies":[{"embeddable":true,"href":"http:\/\/bossefoto.se\/wordpress\/index.php?rest_route=%2Fwp%2Fv2%2Fcomments&post=2096"}],"version-history":[{"count":1,"href":"http:\/\/bossefoto.se\/wordpress\/index.php?rest_route=\/wp\/v2\/posts\/2096\/revisions"}],"predecessor-version":[{"id":2102,"href":"http:\/\/bossefoto.se\/wordpress\/index.php?rest_route=\/wp\/v2\/posts\/2096\/revisions\/2102"}],"wp:attachment":[{"href":"http:\/\/bossefoto.se\/wordpress\/index.php?rest_route=%2Fwp%2Fv2%2Fmedia&parent=2096"}],"wp:term":[{"taxonomy":"category","embeddable":true,"href":"http:\/\/bossefoto.se\/wordpress\/index.php?rest_route=%2Fwp%2Fv2%2Fcategories&post=2096"},{"taxonomy":"post_tag","embeddable":true,"href":"http:\/\/bossefoto.se\/wordpress\/index.php?rest_route=%2Fwp%2Fv2%2Ftags&post=2096"}],"curies":[{"name":"wp","href":"https:\/\/api.w.org\/{rel}","templated":true}]}}