{"id":2115,"date":"2014-07-03T23:32:57","date_gmt":"2014-07-03T21:32:57","guid":{"rendered":"http:\/\/bossefoto.se\/wordpress\/?p=2115"},"modified":"2014-07-03T23:32:57","modified_gmt":"2014-07-03T21:32:57","slug":"vindsurfing","status":"publish","type":"post","link":"http:\/\/bossefoto.se\/wordpress\/?p=2115","title":{"rendered":"Vindsurfing&#8230;."},"content":{"rendered":"<p>Ibland blir det inte som man t\u00e4nkt sig&#8230;. T\u00e4nkte i dag att jag skulle \u00e5ka ner till Vilsh\u00e4rad och fotografera samh\u00e4llet och stranden och g\u00f6ra svartvita bilder av dem. Var en s\u00e5dan dag i dag. Lite gr\u00e5 och trist. Bl\u00e5sigt som bara den och tidvis \u00e4ven regn. Kom ner till Vilsh\u00e4rad lite senare under eftermiddagen. Tog lite bilder och k\u00f6rde sedan ner till stranden. Det jag s\u00e5g framf\u00f6r mig var att det skulle vara en \u00f6de strand. P\u00e5 sin h\u00f6jd n\u00e5gra promenerande m\u00e4nniskor. Perfekt att f\u00e5 lite m\u00f6rka och \u00f6desm\u00e4ttade bilder fr\u00e5n stranden. Men&#8230;. ja, n\u00e4r jag kom ner s\u00e5 var det n\u00e4stan mer folk d\u00e4r \u00e4n en solig dag i Juli&#8230;. Fullt med en massa vindsurfare! Har f\u00e5tt f\u00f6rklarat f\u00f6r mig att n\u00e4r vindarna \u00e4r de r\u00e4tta \u00e4r Vilsh\u00e4rads strand en fantastiskt strand f\u00f6r vinsurfare. Och uppenbarligen var det en s\u00e5dan dag i dag. S\u00e5 det blev att \u00e4ndra sina planer och rikta kameran ut mot dem ist\u00e4llet. Fick n\u00e5gra bilder inkl. p\u00e5 min jobbarkompis Joacim Nermark \ud83d\ude42<\/p>\n<p><img decoding=\"async\" loading=\"lazy\" class=\"aligncenter size-full wp-image-2116\" src=\"http:\/\/bossefoto.se\/wordpress\/wp-content\/uploads\/20140703_Vilsharad_vindsurfing_0007.jpg\" alt=\"20140703_Vilsharad_vindsurfing_0007\" width=\"615\" height=\"800\" srcset=\"http:\/\/bossefoto.se\/wordpress\/wp-content\/uploads\/20140703_Vilsharad_vindsurfing_0007.jpg 615w, http:\/\/bossefoto.se\/wordpress\/wp-content\/uploads\/20140703_Vilsharad_vindsurfing_0007-230x300.jpg 230w\" sizes=\"(max-width: 615px) 100vw, 615px\" \/><img decoding=\"async\" loading=\"lazy\" class=\"aligncenter size-large wp-image-2117\" src=\"http:\/\/bossefoto.se\/wordpress\/wp-content\/uploads\/20140703_Vilsharad_vindsurfing_0008-2.jpg\" alt=\"20140703_Vilsharad_vindsurfing_0008-2\" width=\"653\" height=\"800\" srcset=\"http:\/\/bossefoto.se\/wordpress\/wp-content\/uploads\/20140703_Vilsharad_vindsurfing_0008-2.jpg 653w, http:\/\/bossefoto.se\/wordpress\/wp-content\/uploads\/20140703_Vilsharad_vindsurfing_0008-2-244x300.jpg 244w\" sizes=\"(max-width: 653px) 100vw, 653px\" \/><img decoding=\"async\" loading=\"lazy\" class=\"aligncenter size-large wp-image-2118\" src=\"http:\/\/bossefoto.se\/wordpress\/wp-content\/uploads\/20140703_Vilsharad_vindsurfing_0010.jpg\" alt=\"20140703_Vilsharad_vindsurfing_0010\" width=\"800\" height=\"800\" srcset=\"http:\/\/bossefoto.se\/wordpress\/wp-content\/uploads\/20140703_Vilsharad_vindsurfing_0010.jpg 800w, http:\/\/bossefoto.se\/wordpress\/wp-content\/uploads\/20140703_Vilsharad_vindsurfing_0010-150x150.jpg 150w, http:\/\/bossefoto.se\/wordpress\/wp-content\/uploads\/20140703_Vilsharad_vindsurfing_0010-300x300.jpg 300w\" sizes=\"(max-width: 800px) 100vw, 800px\" \/><img decoding=\"async\" loading=\"lazy\" class=\"aligncenter size-large wp-image-2119\" src=\"http:\/\/bossefoto.se\/wordpress\/wp-content\/uploads\/20140703_Vilsharad_vindsurfing_0018.jpg\" alt=\"20140703_Vilsharad_vindsurfing_0018\" width=\"800\" height=\"642\" srcset=\"http:\/\/bossefoto.se\/wordpress\/wp-content\/uploads\/20140703_Vilsharad_vindsurfing_0018.jpg 800w, http:\/\/bossefoto.se\/wordpress\/wp-content\/uploads\/20140703_Vilsharad_vindsurfing_0018-300x240.jpg 300w\" sizes=\"(max-width: 800px) 100vw, 800px\" \/><img decoding=\"async\" loading=\"lazy\" class=\"aligncenter size-large wp-image-2120\" src=\"http:\/\/bossefoto.se\/wordpress\/wp-content\/uploads\/20140703_Vilsharad_vindsurfing_0019.jpg\" alt=\"20140703_Vilsharad_vindsurfing_0019\" width=\"503\" height=\"800\" srcset=\"http:\/\/bossefoto.se\/wordpress\/wp-content\/uploads\/20140703_Vilsharad_vindsurfing_0019.jpg 503w, http:\/\/bossefoto.se\/wordpress\/wp-content\/uploads\/20140703_Vilsharad_vindsurfing_0019-188x300.jpg 188w\" sizes=\"(max-width: 503px) 100vw, 503px\" \/><img decoding=\"async\" loading=\"lazy\" class=\"aligncenter size-large wp-image-2121\" src=\"http:\/\/bossefoto.se\/wordpress\/wp-content\/uploads\/20140703_Vilsharad_vindsurfing_0020.jpg\" alt=\"20140703_Vilsharad_vindsurfing_0020\" width=\"800\" height=\"387\" srcset=\"http:\/\/bossefoto.se\/wordpress\/wp-content\/uploads\/20140703_Vilsharad_vindsurfing_0020.jpg 800w, http:\/\/bossefoto.se\/wordpress\/wp-content\/uploads\/20140703_Vilsharad_vindsurfing_0020-300x145.jpg 300w\" sizes=\"(max-width: 800px) 100vw, 800px\" \/><img decoding=\"async\" loading=\"lazy\" class=\"aligncenter size-large wp-image-2122\" src=\"http:\/\/bossefoto.se\/wordpress\/wp-content\/uploads\/20140703_Vilsharad_vindsurfing_0032.jpg\" alt=\"20140703_Vilsharad_vindsurfing_0032\" width=\"800\" height=\"800\" srcset=\"http:\/\/bossefoto.se\/wordpress\/wp-content\/uploads\/20140703_Vilsharad_vindsurfing_0032.jpg 800w, http:\/\/bossefoto.se\/wordpress\/wp-content\/uploads\/20140703_Vilsharad_vindsurfing_0032-150x150.jpg 150w, http:\/\/bossefoto.se\/wordpress\/wp-content\/uploads\/20140703_Vilsharad_vindsurfing_0032-300x300.jpg 300w\" sizes=\"(max-width: 800px) 100vw, 800px\" \/><img decoding=\"async\" loading=\"lazy\" class=\"aligncenter size-large wp-image-2123\" src=\"http:\/\/bossefoto.se\/wordpress\/wp-content\/uploads\/20140703_Vilsharad_vindsurfing_0033.jpg\" alt=\"20140703_Vilsharad_vindsurfing_0033\" width=\"800\" height=\"800\" srcset=\"http:\/\/bossefoto.se\/wordpress\/wp-content\/uploads\/20140703_Vilsharad_vindsurfing_0033.jpg 800w, http:\/\/bossefoto.se\/wordpress\/wp-content\/uploads\/20140703_Vilsharad_vindsurfing_0033-150x150.jpg 150w, http:\/\/bossefoto.se\/wordpress\/wp-content\/uploads\/20140703_Vilsharad_vindsurfing_0033-300x300.jpg 300w\" sizes=\"(max-width: 800px) 100vw, 800px\" \/><img decoding=\"async\" loading=\"lazy\" class=\"aligncenter size-large wp-image-2124\" src=\"http:\/\/bossefoto.se\/wordpress\/wp-content\/uploads\/20140703_Vilsharad_vindsurfing_0041.jpg\" alt=\"20140703_Vilsharad_vindsurfing_0041\" width=\"800\" height=\"800\" srcset=\"http:\/\/bossefoto.se\/wordpress\/wp-content\/uploads\/20140703_Vilsharad_vindsurfing_0041.jpg 800w, http:\/\/bossefoto.se\/wordpress\/wp-content\/uploads\/20140703_Vilsharad_vindsurfing_0041-150x150.jpg 150w, http:\/\/bossefoto.se\/wordpress\/wp-content\/uploads\/20140703_Vilsharad_vindsurfing_0041-300x300.jpg 300w\" sizes=\"(max-width: 800px) 100vw, 800px\" \/><img decoding=\"async\" loading=\"lazy\" class=\"aligncenter size-large wp-image-2125\" src=\"http:\/\/bossefoto.se\/wordpress\/wp-content\/uploads\/20140703_Vilsharad_vindsurfing_0042.jpg\" alt=\"20140703_Vilsharad_vindsurfing_0042\" width=\"800\" height=\"800\" srcset=\"http:\/\/bossefoto.se\/wordpress\/wp-content\/uploads\/20140703_Vilsharad_vindsurfing_0042.jpg 800w, http:\/\/bossefoto.se\/wordpress\/wp-content\/uploads\/20140703_Vilsharad_vindsurfing_0042-150x150.jpg 150w, http:\/\/bossefoto.se\/wordpress\/wp-content\/uploads\/20140703_Vilsharad_vindsurfing_0042-300x300.jpg 300w\" sizes=\"(max-width: 800px) 100vw, 800px\" \/><img decoding=\"async\" loading=\"lazy\" class=\"aligncenter size-large wp-image-2126\" src=\"http:\/\/bossefoto.se\/wordpress\/wp-content\/uploads\/20140703_Vilsharad_vindsurfing_0054.jpg\" alt=\"20140703_Vilsharad_vindsurfing_0054\" width=\"800\" height=\"800\" srcset=\"http:\/\/bossefoto.se\/wordpress\/wp-content\/uploads\/20140703_Vilsharad_vindsurfing_0054.jpg 800w, http:\/\/bossefoto.se\/wordpress\/wp-content\/uploads\/20140703_Vilsharad_vindsurfing_0054-150x150.jpg 150w, http:\/\/bossefoto.se\/wordpress\/wp-content\/uploads\/20140703_Vilsharad_vindsurfing_0054-300x300.jpg 300w\" sizes=\"(max-width: 800px) 100vw, 800px\" \/><img decoding=\"async\" loading=\"lazy\" class=\"aligncenter size-large wp-image-2127\" src=\"http:\/\/bossefoto.se\/wordpress\/wp-content\/uploads\/20140703_Vilsharad_vindsurfing_0082.jpg\" alt=\"20140703_Vilsharad_vindsurfing_0082\" width=\"800\" height=\"533\" srcset=\"http:\/\/bossefoto.se\/wordpress\/wp-content\/uploads\/20140703_Vilsharad_vindsurfing_0082.jpg 800w, http:\/\/bossefoto.se\/wordpress\/wp-content\/uploads\/20140703_Vilsharad_vindsurfing_0082-300x199.jpg 300w\" sizes=\"(max-width: 800px) 100vw, 800px\" \/><\/p>\n","protected":false},"excerpt":{"rendered":"<p>Ibland blir det inte som man t\u00e4nkt sig&#8230;. T\u00e4nkte i dag att jag skulle \u00e5ka ner till Vilsh\u00e4rad och fotografera samh\u00e4llet och stranden och g\u00f6ra svartvita bilder av dem. Var en s\u00e5dan dag i dag. Lite gr\u00e5 och trist. Bl\u00e5sigt som bara den och tidvis \u00e4ven regn. Kom ner till Vilsh\u00e4rad lite senare under eftermiddagen. [&hellip;]<\/p>\n","protected":false},"author":3,"featured_media":0,"comment_status":"open","ping_status":"closed","sticky":false,"template":"","format":"standard","meta":[],"categories":[14],"tags":[],"_links":{"self":[{"href":"http:\/\/bossefoto.se\/wordpress\/index.php?rest_route=\/wp\/v2\/posts\/2115"}],"collection":[{"href":"http:\/\/bossefoto.se\/wordpress\/index.php?rest_route=\/wp\/v2\/posts"}],"about":[{"href":"http:\/\/bossefoto.se\/wordpress\/index.php?rest_route=\/wp\/v2\/types\/post"}],"author":[{"embeddable":true,"href":"http:\/\/bossefoto.se\/wordpress\/index.php?rest_route=\/wp\/v2\/users\/3"}],"replies":[{"embeddable":true,"href":"http:\/\/bossefoto.se\/wordpress\/index.php?rest_route=%2Fwp%2Fv2%2Fcomments&post=2115"}],"version-history":[{"count":1,"href":"http:\/\/bossefoto.se\/wordpress\/index.php?rest_route=\/wp\/v2\/posts\/2115\/revisions"}],"predecessor-version":[{"id":2128,"href":"http:\/\/bossefoto.se\/wordpress\/index.php?rest_route=\/wp\/v2\/posts\/2115\/revisions\/2128"}],"wp:attachment":[{"href":"http:\/\/bossefoto.se\/wordpress\/index.php?rest_route=%2Fwp%2Fv2%2Fmedia&parent=2115"}],"wp:term":[{"taxonomy":"category","embeddable":true,"href":"http:\/\/bossefoto.se\/wordpress\/index.php?rest_route=%2Fwp%2Fv2%2Fcategories&post=2115"},{"taxonomy":"post_tag","embeddable":true,"href":"http:\/\/bossefoto.se\/wordpress\/index.php?rest_route=%2Fwp%2Fv2%2Ftags&post=2115"}],"curies":[{"name":"wp","href":"https:\/\/api.w.org\/{rel}","templated":true}]}}