{"id":226,"date":"2010-05-13T20:46:26","date_gmt":"2010-05-13T18:46:26","guid":{"rendered":"http:\/\/bossefoto.se\/wordpress\/?p=226"},"modified":"2010-05-14T21:02:02","modified_gmt":"2010-05-14T19:02:02","slug":"det-stundar-brollop-petra-och-kristof","status":"publish","type":"post","link":"http:\/\/bossefoto.se\/wordpress\/?p=226","title":{"rendered":"Det stundar br\u00f6llop&#8230;Petra och Kristof"},"content":{"rendered":"<p>I dag var jag och tr\u00e4ffade Petra och Kristof f\u00f6r f\u00f6rsta g\u00e5ngen.  Ett fantastiskt h\u00e4rligt och trevligt par  \ud83d\ude42<br \/>\nDe ska gifta sig l\u00f6rdagen den 5\/6 i Sn\u00f6storps kyrka och jag har blivit tillfr\u00e5gad om jag kan f\u00f6reviga dem (i och utanf\u00f6r kyrkan samt portr\u00e4ttbilder efter). Kan dock s\u00e4ga att jag f\u00f6rst tackade nej&#8230; Att fotografera ett br\u00f6llop \u00e4r ett stort ansvar och jag har inte s\u00e5 mycket vana fr\u00e5n det. Jag har dessutom andra \u00e5ttaganden den dagen&#8230;. men, men, nu \u00e4r det i alla fall best\u00e4mt \ud83d\ude42<\/p>\n<p>S\u00e5 i dag hade vi best\u00e4mt tr\u00e4ff f\u00f6r att g\u00e5 igenom lite bildid\u00e9er och f\u00f6r att l\u00e4ra k\u00e4nna varandra lite b\u00e4ttre. Tanken var ocks\u00e5 att vi skulle \u00e5ka till kyrkan f\u00f6r att se hur det s\u00e5g ut d\u00e4r e t c men kunde man t\u00e4nka sig &#8211; den var st\u00e4ngd&#8230;..  Lite snopet men det \u00e4r ju som det \u00e4r. F\u00e5r komma tillbaka en annan dag. Jag ska ju \u00e4ven prata med pr\u00e4sten.<\/p>\n<p>Efter vi varit vid kyrkan \u00e5kte vi iv\u00e4g f\u00f6r att f\u00f6rs\u00f6ka hitta en plats f\u00f6r att ta portr\u00e4ttbilderna. Vi hittade ett&#8230;  \ud83d\ude42  Nu f\u00e5r vi bara hoppas att det blir ok v\u00e4der och inte regn. Men med den svenska sommaren kan man aldrig veta&#8230;.<\/p>\n<p>H\u00e4r \u00e4r ett par bilder fr\u00e5n dagen. Visst \u00e4r det h\u00e4rliga? Ska bli j\u00e4tteroligt att nu f\u00e5 f\u00f6reviga dem p\u00e5 deras stora dag och vi ska ha &#8221;sk-it skoj&#8221;!<\/p>\n<p><img decoding=\"async\" loading=\"lazy\" class=\"aligncenter size-full wp-image-229\" title=\"_MG_2793_sv\" src=\"http:\/\/bossefoto.se\/wordpress\/wp-content\/uploads\/MG_2793_sv.jpg\" alt=\"\" width=\"543\" height=\"700\" srcset=\"http:\/\/bossefoto.se\/wordpress\/wp-content\/uploads\/MG_2793_sv.jpg 543w, http:\/\/bossefoto.se\/wordpress\/wp-content\/uploads\/MG_2793_sv-232x300.jpg 232w\" sizes=\"(max-width: 543px) 100vw, 543px\" \/><img decoding=\"async\" loading=\"lazy\" class=\"aligncenter size-full wp-image-230\" title=\"_MG_2794-sv\" src=\"http:\/\/bossefoto.se\/wordpress\/wp-content\/uploads\/MG_2794-sv.jpg\" alt=\"\" width=\"534\" height=\"760\" srcset=\"http:\/\/bossefoto.se\/wordpress\/wp-content\/uploads\/MG_2794-sv.jpg 534w, http:\/\/bossefoto.se\/wordpress\/wp-content\/uploads\/MG_2794-sv-210x300.jpg 210w\" sizes=\"(max-width: 534px) 100vw, 534px\" \/><img decoding=\"async\" loading=\"lazy\" class=\"aligncenter size-full wp-image-227\" title=\"_MG_2788_red\" src=\"http:\/\/bossefoto.se\/wordpress\/wp-content\/uploads\/MG_2788_red.jpg\" alt=\"\" width=\"700\" height=\"412\" srcset=\"http:\/\/bossefoto.se\/wordpress\/wp-content\/uploads\/MG_2788_red.jpg 700w, http:\/\/bossefoto.se\/wordpress\/wp-content\/uploads\/MG_2788_red-300x176.jpg 300w\" sizes=\"(max-width: 700px) 100vw, 700px\" \/><img decoding=\"async\" loading=\"lazy\" class=\"aligncenter size-full wp-image-228\" title=\"_MG_2787_red\" src=\"http:\/\/bossefoto.se\/wordpress\/wp-content\/uploads\/MG_2787_red.jpg\" alt=\"\" width=\"700\" height=\"412\" srcset=\"http:\/\/bossefoto.se\/wordpress\/wp-content\/uploads\/MG_2787_red.jpg 700w, http:\/\/bossefoto.se\/wordpress\/wp-content\/uploads\/MG_2787_red-300x176.jpg 300w\" sizes=\"(max-width: 700px) 100vw, 700px\" \/><\/p>\n","protected":false},"excerpt":{"rendered":"<p>I dag var jag och tr\u00e4ffade Petra och Kristof f\u00f6r f\u00f6rsta g\u00e5ngen. Ett fantastiskt h\u00e4rligt och trevligt par \ud83d\ude42 De ska gifta sig l\u00f6rdagen den 5\/6 i Sn\u00f6storps kyrka och jag har blivit tillfr\u00e5gad om jag kan f\u00f6reviga dem (i och utanf\u00f6r kyrkan samt portr\u00e4ttbilder efter). Kan dock s\u00e4ga att jag f\u00f6rst tackade nej&#8230; Att [&hellip;]<\/p>\n","protected":false},"author":3,"featured_media":0,"comment_status":"open","ping_status":"closed","sticky":false,"template":"","format":"standard","meta":[],"categories":[8],"tags":[],"_links":{"self":[{"href":"http:\/\/bossefoto.se\/wordpress\/index.php?rest_route=\/wp\/v2\/posts\/226"}],"collection":[{"href":"http:\/\/bossefoto.se\/wordpress\/index.php?rest_route=\/wp\/v2\/posts"}],"about":[{"href":"http:\/\/bossefoto.se\/wordpress\/index.php?rest_route=\/wp\/v2\/types\/post"}],"author":[{"embeddable":true,"href":"http:\/\/bossefoto.se\/wordpress\/index.php?rest_route=\/wp\/v2\/users\/3"}],"replies":[{"embeddable":true,"href":"http:\/\/bossefoto.se\/wordpress\/index.php?rest_route=%2Fwp%2Fv2%2Fcomments&post=226"}],"version-history":[{"count":0,"href":"http:\/\/bossefoto.se\/wordpress\/index.php?rest_route=\/wp\/v2\/posts\/226\/revisions"}],"wp:attachment":[{"href":"http:\/\/bossefoto.se\/wordpress\/index.php?rest_route=%2Fwp%2Fv2%2Fmedia&parent=226"}],"wp:term":[{"taxonomy":"category","embeddable":true,"href":"http:\/\/bossefoto.se\/wordpress\/index.php?rest_route=%2Fwp%2Fv2%2Fcategories&post=226"},{"taxonomy":"post_tag","embeddable":true,"href":"http:\/\/bossefoto.se\/wordpress\/index.php?rest_route=%2Fwp%2Fv2%2Ftags&post=226"}],"curies":[{"name":"wp","href":"https:\/\/api.w.org\/{rel}","templated":true}]}}