{"id":259,"date":"2010-05-21T00:22:02","date_gmt":"2010-05-20T22:22:02","guid":{"rendered":"http:\/\/bossefoto.se\/wordpress\/?p=259"},"modified":"2012-06-11T19:39:30","modified_gmt":"2012-06-11T17:39:30","slug":"isac-ny-cykel-stor","status":"publish","type":"post","link":"http:\/\/bossefoto.se\/wordpress\/?p=259","title":{"rendered":"Isac &#8211; ny cykel (stor)"},"content":{"rendered":"<p>I helgen som gick s\u00e5 fick Isac en ny cykel. Som en bel\u00f6ning f\u00f6r att han lyckats vara torr i 10 dagar. S\u00e5 n\u00e4r han skulle ta sina f\u00f6rsta &#8221;cykeltag&#8221; var pappa d\u00e4r och dokumenterade \ud83d\ude42 H\u00e4r \u00e4r ett par bilder fr\u00e5n h\u00e4ndelsen \ud83d\ude42<\/p>\n<p><img decoding=\"async\" class=\"p3-lightbox-gallery-holder p3-placeholder p3-gallery-imported aligncenter\" src=\"http:\/\/ppt-doc.googlecode.com\/svn\/p3-lightbox-gal-placeholder.gif\" alt=\"\" \/><img decoding=\"async\" src=\"http:\/\/bossefoto.se\/wordpress\/wp-content\/uploads\/p4\/placeholders\/lightbox-placeholder-1000025994.jpg\" class=\"pp-lightbox-placeholder pp-gallery-placeholder lightbox-1000025994 mceItem\" \/><\/p>\n","protected":false},"excerpt":{"rendered":"<p>I helgen som gick s\u00e5 fick Isac en ny cykel. Som en bel\u00f6ning f\u00f6r att han lyckats vara torr i 10 dagar. S\u00e5 n\u00e4r han skulle ta sina f\u00f6rsta &#8221;cykeltag&#8221; var pappa d\u00e4r och dokumenterade \ud83d\ude42 H\u00e4r \u00e4r ett par bilder fr\u00e5n h\u00e4ndelsen \ud83d\ude42<\/p>\n","protected":false},"author":3,"featured_media":0,"comment_status":"open","ping_status":"closed","sticky":false,"template":"","format":"standard","meta":[],"categories":[3],"tags":[],"_links":{"self":[{"href":"http:\/\/bossefoto.se\/wordpress\/index.php?rest_route=\/wp\/v2\/posts\/259"}],"collection":[{"href":"http:\/\/bossefoto.se\/wordpress\/index.php?rest_route=\/wp\/v2\/posts"}],"about":[{"href":"http:\/\/bossefoto.se\/wordpress\/index.php?rest_route=\/wp\/v2\/types\/post"}],"author":[{"embeddable":true,"href":"http:\/\/bossefoto.se\/wordpress\/index.php?rest_route=\/wp\/v2\/users\/3"}],"replies":[{"embeddable":true,"href":"http:\/\/bossefoto.se\/wordpress\/index.php?rest_route=%2Fwp%2Fv2%2Fcomments&post=259"}],"version-history":[{"count":0,"href":"http:\/\/bossefoto.se\/wordpress\/index.php?rest_route=\/wp\/v2\/posts\/259\/revisions"}],"wp:attachment":[{"href":"http:\/\/bossefoto.se\/wordpress\/index.php?rest_route=%2Fwp%2Fv2%2Fmedia&parent=259"}],"wp:term":[{"taxonomy":"category","embeddable":true,"href":"http:\/\/bossefoto.se\/wordpress\/index.php?rest_route=%2Fwp%2Fv2%2Fcategories&post=259"},{"taxonomy":"post_tag","embeddable":true,"href":"http:\/\/bossefoto.se\/wordpress\/index.php?rest_route=%2Fwp%2Fv2%2Ftags&post=259"}],"curies":[{"name":"wp","href":"https:\/\/api.w.org\/{rel}","templated":true}]}}