{"id":29,"date":"2009-08-21T12:27:42","date_gmt":"2009-08-21T10:27:42","guid":{"rendered":"http:\/\/bossefoto.se\/wordpress\/?p=29"},"modified":"2009-08-21T14:12:31","modified_gmt":"2009-08-21T12:12:31","slug":"adelso","status":"publish","type":"post","link":"http:\/\/bossefoto.se\/wordpress\/?p=29","title":{"rendered":"Adels\u00f6"},"content":{"rendered":"<p>I tisdags \u00e5kte jag, min fru och Isac upp till v\u00e5ra goda v\u00e4nner Maria, Fredrik och Charlie i Stockholm. Charlie \u00e4r ocks\u00e5 adopterad och kom samtidigt med Isac till Sverige. De har ett fullst\u00e4ndigt upperbart lantst\u00e4lle p\u00e5 Adels\u00f6 som ligger i M\u00e4larens sk\u00e4rg\u00e5rd. Vi hade fantastiskt tur med v\u00e4dret och tog under onsdagen en liten b\u00e5ttur till Birka och som ligger p\u00e5 grann\u00f6n Bj\u00f6rk\u00f6. Vi fick \u00e4ven bes\u00f6k under onsdagen och torsdagen av Britta, Bengt, Henry och Daniel. Henry \u00e4r ocks\u00e5 en kille som blev adopterad samtidigt med Isac och Charlie.Jag hade naturligtvis med kamera under vistelsen s\u00e5 h\u00e4r kommer lite bilder.<\/p>\n<p>Tack Maria och Fredrik f\u00f6r er g\u00e4stfrihet och den goda maten! Vi ses snart igen.<\/p>\n<div id=\"attachment_30\" style=\"width: 810px\" class=\"wp-caption aligncenter\"><img aria-describedby=\"caption-attachment-30\" decoding=\"async\" loading=\"lazy\" class=\"size-full wp-image-30\" title=\"_MG_9006\" src=\"http:\/\/bossefoto.se\/wordpress\/wp-content\/uploads\/MG_9006.jpg\" alt=\"Charlie\" width=\"800\" height=\"533\" srcset=\"http:\/\/bossefoto.se\/wordpress\/wp-content\/uploads\/MG_9006.jpg 800w, http:\/\/bossefoto.se\/wordpress\/wp-content\/uploads\/MG_9006-300x199.jpg 300w, http:\/\/bossefoto.se\/wordpress\/wp-content\/uploads\/MG_9006-360x240.jpg 360w, http:\/\/bossefoto.se\/wordpress\/wp-content\/uploads\/MG_9006-720x480.jpg 720w\" sizes=\"(max-width: 800px) 100vw, 800px\" \/><p id=\"caption-attachment-30\" class=\"wp-caption-text\">Charlie<\/p><\/div>\n<div id=\"attachment_31\" style=\"width: 810px\" class=\"wp-caption aligncenter\"><img aria-describedby=\"caption-attachment-31\" decoding=\"async\" loading=\"lazy\" class=\"size-full wp-image-31\" title=\"_MG_9058\" src=\"http:\/\/bossefoto.se\/wordpress\/wp-content\/uploads\/MG_9058.jpg\" alt=\"Isac, Helena och Anskarskorset\" width=\"800\" height=\"533\" srcset=\"http:\/\/bossefoto.se\/wordpress\/wp-content\/uploads\/MG_9058.jpg 800w, http:\/\/bossefoto.se\/wordpress\/wp-content\/uploads\/MG_9058-300x199.jpg 300w\" sizes=\"(max-width: 800px) 100vw, 800px\" \/><p id=\"caption-attachment-31\" class=\"wp-caption-text\">Isac, Helena och Anskarskorset<\/p><\/div>\n<div id=\"attachment_35\" style=\"width: 910px\" class=\"wp-caption aligncenter\"><img aria-describedby=\"caption-attachment-35\" decoding=\"async\" loading=\"lazy\" class=\"size-full wp-image-35\" title=\"henry_isac_charlie\" src=\"http:\/\/bossefoto.se\/wordpress\/wp-content\/uploads\/henry_isac_charlie.jpg\" alt=\"henry_isac_charlie\" width=\"900\" height=\"675\" srcset=\"http:\/\/bossefoto.se\/wordpress\/wp-content\/uploads\/henry_isac_charlie.jpg 900w, http:\/\/bossefoto.se\/wordpress\/wp-content\/uploads\/henry_isac_charlie-300x225.jpg 300w\" sizes=\"(max-width: 900px) 100vw, 900px\" \/><p id=\"caption-attachment-35\" class=\"wp-caption-text\">T.v: Britta och Henry T.h: Isac och Charlie leker<\/p><\/div>\n","protected":false},"excerpt":{"rendered":"<p>I tisdags \u00e5kte jag, min fru och Isac upp till v\u00e5ra goda v\u00e4nner Maria, Fredrik och Charlie i Stockholm. Charlie \u00e4r ocks\u00e5 adopterad och kom samtidigt med Isac till Sverige. De har ett fullst\u00e4ndigt upperbart lantst\u00e4lle p\u00e5 Adels\u00f6 som ligger i M\u00e4larens sk\u00e4rg\u00e5rd. Vi hade fantastiskt tur med v\u00e4dret och tog under onsdagen en liten [&hellip;]<\/p>\n","protected":false},"author":3,"featured_media":0,"comment_status":"open","ping_status":"open","sticky":false,"template":"","format":"standard","meta":[],"categories":[3],"tags":[],"_links":{"self":[{"href":"http:\/\/bossefoto.se\/wordpress\/index.php?rest_route=\/wp\/v2\/posts\/29"}],"collection":[{"href":"http:\/\/bossefoto.se\/wordpress\/index.php?rest_route=\/wp\/v2\/posts"}],"about":[{"href":"http:\/\/bossefoto.se\/wordpress\/index.php?rest_route=\/wp\/v2\/types\/post"}],"author":[{"embeddable":true,"href":"http:\/\/bossefoto.se\/wordpress\/index.php?rest_route=\/wp\/v2\/users\/3"}],"replies":[{"embeddable":true,"href":"http:\/\/bossefoto.se\/wordpress\/index.php?rest_route=%2Fwp%2Fv2%2Fcomments&post=29"}],"version-history":[{"count":0,"href":"http:\/\/bossefoto.se\/wordpress\/index.php?rest_route=\/wp\/v2\/posts\/29\/revisions"}],"wp:attachment":[{"href":"http:\/\/bossefoto.se\/wordpress\/index.php?rest_route=%2Fwp%2Fv2%2Fmedia&parent=29"}],"wp:term":[{"taxonomy":"category","embeddable":true,"href":"http:\/\/bossefoto.se\/wordpress\/index.php?rest_route=%2Fwp%2Fv2%2Fcategories&post=29"},{"taxonomy":"post_tag","embeddable":true,"href":"http:\/\/bossefoto.se\/wordpress\/index.php?rest_route=%2Fwp%2Fv2%2Ftags&post=29"}],"curies":[{"name":"wp","href":"https:\/\/api.w.org\/{rel}","templated":true}]}}