{"id":376,"date":"2010-08-20T00:12:35","date_gmt":"2010-08-19T22:12:35","guid":{"rendered":"http:\/\/bossefoto.se\/wordpress\/?p=376"},"modified":"2012-06-11T20:30:02","modified_gmt":"2012-06-11T18:30:02","slug":"barnfotografering-2","status":"publish","type":"post","link":"http:\/\/bossefoto.se\/wordpress\/?p=376","title":{"rendered":"Barnfotografering"},"content":{"rendered":"<p>I dag fick vi bes\u00f6k av en kamrat och hennes 2 barn, Sara och Arvid. B\u00e5da barnen \u00e4r adopterade fr\u00e5n Korea och Agneta, som mamman heter, \u00f6nskade bilder p\u00e5 dem i en traditionell koreansk dr\u00e4kt. N\u00e4r man genomf\u00f6r en adoption \u00e5tar man \u00e4ven sig att med j\u00e4mna mellanrum rapportera till ursprungslandet om hur det g\u00e5r. Man \u00f6nskar \u00e4ven bilder p\u00e5 barnet. S\u00e5 det var till ett s\u00e5dant h\u00e4r tillf\u00e4lle som fotograferingen skulle ske till. Kan v\u00e4l s\u00e4ga att det var med n\u00f6d och n\u00e4ppe att vi fick ett kort p\u00e5 dem enskilt&#8230;  Tillsammans gick det bara inte d\u00e5 barn ibland \u00e4r v\u00e4ldigt livliga och nyfikna vilket syskonen var i dag \ud83d\ude42  Det \u00e4r d\u00e4rf\u00f6r bilden p\u00e5 Sara \u00e4r ganska &#8221;tight&#8221; &#8211; fick bara in ett som blev ok \ud83d\ude42  Hade g\u00e4rna \u00f6nskat med utrymme men det \u00e4r ju som det \u00e4r.<\/p>\n<p>Givetvis s\u00e5 var min son Isac med och kr\u00e4vde att \u00e4ven han skulle f\u00e5 bli fotograferad i sin kinadr\u00e4kt&#8230;.. Men vi kunde i alla fall skjuta p\u00e5 den till senare p\u00e5 kv\u00e4llen. Tog flera kort p\u00e5 honom och \u00e4r ett par exemel.<img decoding=\"async\" class=\"p3-lightbox-gallery-holder p3-placeholder p3-gallery-imported aligncenter\" src=\"http:\/\/prophoto.s3.amazonaws.com\/img\/p3-lightbox-gal-placeholder.gif\" alt=\"\" \/><img decoding=\"async\" src=\"http:\/\/bossefoto.se\/wordpress\/wp-content\/uploads\/p4\/placeholders\/lightbox-placeholder-1000037671.jpg\" class=\"pp-lightbox-placeholder pp-gallery-placeholder lightbox-1000037671 mceItem\" \/><\/p>\n","protected":false},"excerpt":{"rendered":"<p>I dag fick vi bes\u00f6k av en kamrat och hennes 2 barn, Sara och Arvid. B\u00e5da barnen \u00e4r adopterade fr\u00e5n Korea och Agneta, som mamman heter, \u00f6nskade bilder p\u00e5 dem i en traditionell koreansk dr\u00e4kt. N\u00e4r man genomf\u00f6r en adoption \u00e5tar man \u00e4ven sig att med j\u00e4mna mellanrum rapportera till ursprungslandet om hur det g\u00e5r. [&hellip;]<\/p>\n","protected":false},"author":3,"featured_media":0,"comment_status":"open","ping_status":"closed","sticky":false,"template":"","format":"standard","meta":[],"categories":[7,8,3],"tags":[],"_links":{"self":[{"href":"http:\/\/bossefoto.se\/wordpress\/index.php?rest_route=\/wp\/v2\/posts\/376"}],"collection":[{"href":"http:\/\/bossefoto.se\/wordpress\/index.php?rest_route=\/wp\/v2\/posts"}],"about":[{"href":"http:\/\/bossefoto.se\/wordpress\/index.php?rest_route=\/wp\/v2\/types\/post"}],"author":[{"embeddable":true,"href":"http:\/\/bossefoto.se\/wordpress\/index.php?rest_route=\/wp\/v2\/users\/3"}],"replies":[{"embeddable":true,"href":"http:\/\/bossefoto.se\/wordpress\/index.php?rest_route=%2Fwp%2Fv2%2Fcomments&post=376"}],"version-history":[{"count":0,"href":"http:\/\/bossefoto.se\/wordpress\/index.php?rest_route=\/wp\/v2\/posts\/376\/revisions"}],"wp:attachment":[{"href":"http:\/\/bossefoto.se\/wordpress\/index.php?rest_route=%2Fwp%2Fv2%2Fmedia&parent=376"}],"wp:term":[{"taxonomy":"category","embeddable":true,"href":"http:\/\/bossefoto.se\/wordpress\/index.php?rest_route=%2Fwp%2Fv2%2Fcategories&post=376"},{"taxonomy":"post_tag","embeddable":true,"href":"http:\/\/bossefoto.se\/wordpress\/index.php?rest_route=%2Fwp%2Fv2%2Ftags&post=376"}],"curies":[{"name":"wp","href":"https:\/\/api.w.org\/{rel}","templated":true}]}}