{"id":457,"date":"2011-01-01T02:03:44","date_gmt":"2011-01-01T00:03:44","guid":{"rendered":"http:\/\/bossefoto.se\/wordpress\/?p=457"},"modified":"2011-01-02T02:04:35","modified_gmt":"2011-01-02T00:04:35","slug":"isac-4-ar-den-1-januari","status":"publish","type":"post","link":"http:\/\/bossefoto.se\/wordpress\/?p=457","title":{"rendered":"Isac, 4 \u00e5r den 1 januari"},"content":{"rendered":"<p>Idag fyllde v\u00e5r son Isac 4 \u00e5r. Han kom in i mitt och min frus liv en vinterdag 2008. I dag \u00e4r han v\u00e5rt allt &#8211; v\u00e5r lilla solstr\u00e5le och underbara kille. Vi \u00e4lskar dig s\u00e5 innerligt. Stort grattis v\u00e5rt hj\u00e4rta.<\/p>\n<p>Bilden \u00e4r tagen som en av mina f\u00f6rsta bilder med mitt nya objektiv 85 mm 1,2 L USM II. Ett fantastiskt objektiv och som g\u00f6r att jag nu kan f\u00e5 riktigt kort sk\u00e4rpedjup och m\u00f6jlighet att fotografera i ljussvaga situationer.<\/p>\n<div id=\"attachment_458\" style=\"width: 910px\" class=\"wp-caption aligncenter\"><img aria-describedby=\"caption-attachment-458\" decoding=\"async\" loading=\"lazy\" class=\"size-full wp-image-458\" title=\"20101219_isac_kok_0003_webbblogg\" src=\"http:\/\/bossefoto.se\/wordpress\/wp-content\/uploads\/20101219_isac_kok_0003_webbblogg.jpg\" alt=\"\" width=\"900\" height=\"650\" srcset=\"http:\/\/bossefoto.se\/wordpress\/wp-content\/uploads\/20101219_isac_kok_0003_webbblogg.jpg 900w, http:\/\/bossefoto.se\/wordpress\/wp-content\/uploads\/20101219_isac_kok_0003_webbblogg-300x216.jpg 300w\" sizes=\"(max-width: 900px) 100vw, 900px\" \/><p id=\"caption-attachment-458\" class=\"wp-caption-text\">Isac 4 \u00e5r<\/p><\/div>\n","protected":false},"excerpt":{"rendered":"<p>Idag fyllde v\u00e5r son Isac 4 \u00e5r. Han kom in i mitt och min frus liv en vinterdag 2008. I dag \u00e4r han v\u00e5rt allt &#8211; v\u00e5r lilla solstr\u00e5le och underbara kille. Vi \u00e4lskar dig s\u00e5 innerligt. Stort grattis v\u00e5rt hj\u00e4rta. Bilden \u00e4r tagen som en av mina f\u00f6rsta bilder med mitt nya objektiv 85 [&hellip;]<\/p>\n","protected":false},"author":3,"featured_media":0,"comment_status":"open","ping_status":"closed","sticky":false,"template":"","format":"standard","meta":[],"categories":[3],"tags":[],"_links":{"self":[{"href":"http:\/\/bossefoto.se\/wordpress\/index.php?rest_route=\/wp\/v2\/posts\/457"}],"collection":[{"href":"http:\/\/bossefoto.se\/wordpress\/index.php?rest_route=\/wp\/v2\/posts"}],"about":[{"href":"http:\/\/bossefoto.se\/wordpress\/index.php?rest_route=\/wp\/v2\/types\/post"}],"author":[{"embeddable":true,"href":"http:\/\/bossefoto.se\/wordpress\/index.php?rest_route=\/wp\/v2\/users\/3"}],"replies":[{"embeddable":true,"href":"http:\/\/bossefoto.se\/wordpress\/index.php?rest_route=%2Fwp%2Fv2%2Fcomments&post=457"}],"version-history":[{"count":0,"href":"http:\/\/bossefoto.se\/wordpress\/index.php?rest_route=\/wp\/v2\/posts\/457\/revisions"}],"wp:attachment":[{"href":"http:\/\/bossefoto.se\/wordpress\/index.php?rest_route=%2Fwp%2Fv2%2Fmedia&parent=457"}],"wp:term":[{"taxonomy":"category","embeddable":true,"href":"http:\/\/bossefoto.se\/wordpress\/index.php?rest_route=%2Fwp%2Fv2%2Fcategories&post=457"},{"taxonomy":"post_tag","embeddable":true,"href":"http:\/\/bossefoto.se\/wordpress\/index.php?rest_route=%2Fwp%2Fv2%2Ftags&post=457"}],"curies":[{"name":"wp","href":"https:\/\/api.w.org\/{rel}","templated":true}]}}