{"id":464,"date":"2011-01-16T20:25:22","date_gmt":"2011-01-16T18:25:22","guid":{"rendered":"http:\/\/bossefoto.se\/wordpress\/?p=464"},"modified":"2011-01-16T20:27:31","modified_gmt":"2011-01-16T18:27:31","slug":"ser-du-mig","status":"publish","type":"post","link":"http:\/\/bossefoto.se\/wordpress\/?p=464","title":{"rendered":"Ser du mig?"},"content":{"rendered":"<p>Tog en bild p\u00e5 Isac i en soffa som vi ev. ska s\u00e4lja och som jag dragit in i studion. Isac ligger i soffan, stannar upp, och fr\u00e5gar mig &#8211; &#8221;Ser du mig?&#8221;.  Jag gillar verkligen bilden sj\u00e4lv. Det \u00e4r ett &#8221;snap shot&#8221; och jag d\u00e4r f\u00f6r en g\u00e5ng skull ha f\u00e5ngat honom lite s\u00e5rbar och allvarlig. Bilden speglar inte honom som person p\u00e5 n\u00e5got s\u00e4tt d\u00e5 han verkligen \u00e4r en spelevink och n\u00e4stan alltid glad. Men bilden i sig tycker jag ocks\u00e5 passar med fr\u00e5gan fr\u00e5n Isac i samband med jag tog bilden. En fr\u00e5ga som p\u00e5 s\u00e4tt och vis \u00e4r allvarlig i dagens snabba samh\u00e4lle. Ser vi v\u00e5ra barn?<\/p>\n<div id=\"attachment_465\" style=\"width: 910px\" class=\"wp-caption aligncenter\"><img aria-describedby=\"caption-attachment-465\" decoding=\"async\" loading=\"lazy\" class=\"size-full wp-image-465\" title=\"20110106_isac_soffa_0003_bossefoto\" src=\"http:\/\/bossefoto.se\/wordpress\/wp-content\/uploads\/20110106_isac_soffa_0003_bossefoto.jpg\" alt=\"\" width=\"900\" height=\"600\" srcset=\"http:\/\/bossefoto.se\/wordpress\/wp-content\/uploads\/20110106_isac_soffa_0003_bossefoto.jpg 900w, http:\/\/bossefoto.se\/wordpress\/wp-content\/uploads\/20110106_isac_soffa_0003_bossefoto-300x200.jpg 300w, http:\/\/bossefoto.se\/wordpress\/wp-content\/uploads\/20110106_isac_soffa_0003_bossefoto-360x240.jpg 360w, http:\/\/bossefoto.se\/wordpress\/wp-content\/uploads\/20110106_isac_soffa_0003_bossefoto-720x480.jpg 720w\" sizes=\"(max-width: 900px) 100vw, 900px\" \/><p id=\"caption-attachment-465\" class=\"wp-caption-text\">&quot;Ser du mig?&quot;<\/p><\/div>\n","protected":false},"excerpt":{"rendered":"<p>Tog en bild p\u00e5 Isac i en soffa som vi ev. ska s\u00e4lja och som jag dragit in i studion. Isac ligger i soffan, stannar upp, och fr\u00e5gar mig &#8211; &#8221;Ser du mig?&#8221;. Jag gillar verkligen bilden sj\u00e4lv. Det \u00e4r ett &#8221;snap shot&#8221; och jag d\u00e4r f\u00f6r en g\u00e5ng skull ha f\u00e5ngat honom lite s\u00e5rbar [&hellip;]<\/p>\n","protected":false},"author":3,"featured_media":0,"comment_status":"open","ping_status":"closed","sticky":false,"template":"","format":"standard","meta":[],"categories":[3],"tags":[],"_links":{"self":[{"href":"http:\/\/bossefoto.se\/wordpress\/index.php?rest_route=\/wp\/v2\/posts\/464"}],"collection":[{"href":"http:\/\/bossefoto.se\/wordpress\/index.php?rest_route=\/wp\/v2\/posts"}],"about":[{"href":"http:\/\/bossefoto.se\/wordpress\/index.php?rest_route=\/wp\/v2\/types\/post"}],"author":[{"embeddable":true,"href":"http:\/\/bossefoto.se\/wordpress\/index.php?rest_route=\/wp\/v2\/users\/3"}],"replies":[{"embeddable":true,"href":"http:\/\/bossefoto.se\/wordpress\/index.php?rest_route=%2Fwp%2Fv2%2Fcomments&post=464"}],"version-history":[{"count":0,"href":"http:\/\/bossefoto.se\/wordpress\/index.php?rest_route=\/wp\/v2\/posts\/464\/revisions"}],"wp:attachment":[{"href":"http:\/\/bossefoto.se\/wordpress\/index.php?rest_route=%2Fwp%2Fv2%2Fmedia&parent=464"}],"wp:term":[{"taxonomy":"category","embeddable":true,"href":"http:\/\/bossefoto.se\/wordpress\/index.php?rest_route=%2Fwp%2Fv2%2Fcategories&post=464"},{"taxonomy":"post_tag","embeddable":true,"href":"http:\/\/bossefoto.se\/wordpress\/index.php?rest_route=%2Fwp%2Fv2%2Ftags&post=464"}],"curies":[{"name":"wp","href":"https:\/\/api.w.org\/{rel}","templated":true}]}}