{"id":471,"date":"2011-02-12T18:33:56","date_gmt":"2011-02-12T16:33:56","guid":{"rendered":"http:\/\/bossefoto.se\/wordpress\/?p=471"},"modified":"2011-02-13T00:30:13","modified_gmt":"2011-02-12T22:30:13","slug":"forenade","status":"publish","type":"post","link":"http:\/\/bossefoto.se\/wordpress\/?p=471","title":{"rendered":"F\u00f6renade"},"content":{"rendered":"<p><img decoding=\"async\" loading=\"lazy\" class=\"aligncenter size-full wp-image-472\" title=\"minhand_idin\" src=\"http:\/\/bossefoto.se\/wordpress\/wp-content\/uploads\/minhand_idin.jpg\" alt=\"\" width=\"900\" height=\"503\" srcset=\"http:\/\/bossefoto.se\/wordpress\/wp-content\/uploads\/minhand_idin.jpg 900w, http:\/\/bossefoto.se\/wordpress\/wp-content\/uploads\/minhand_idin-300x167.jpg 300w\" sizes=\"(max-width: 900px) 100vw, 900px\" \/><br \/>\nDu kom till mig i natt. Med dig hade du ett av dina \u00e4lskade gosedjur, giraffen, och la dig bredvid mig. Det tog inte l\u00e5ng tid innan du andades lugnt och tryggt, du sov igen. Men innan dess hade du k\u00f6rt in din ena fot under mig och s\u00f6kt min hand med din. Och d\u00e4r l\u00e5g den \u2013 din lilla hand min. Kramandes.<\/p>\n<p>Medan jag h\u00f6rde hur din andning blev djupare och lugnare kom mina t\u00e5rar. Inga t\u00e5rar av sorg utan av djupaste k\u00e4rlek och gl\u00e4dje. Att f\u00e5 k\u00e4nna din v\u00e4rme och k\u00e4rlek Isac gjorde mig s\u00e5 varm och lycklig.<\/p>\n<p>En ljusglimma tr\u00e4ffade ditt vackra lilla ansikte, svagt. Men det r\u00e4ckte f\u00f6r att se min lilla \u00e4ngel. Du var s\u00e5 fridfull. Finns det n\u00e5got vackrare \u00e4n ett barn som sover? Jag kramade tillbaka din hand. T\u00e4nk om man p\u00e5 n\u00e5got s\u00e4tt hade kunna stanna tiden. F\u00f6r just d\u00e5, just d\u00e5, ville jag inte vara p\u00e5 n\u00e5gon annan plats p\u00e5 jorden. Min \u00e4lskade son. Om du bara visste hur vi l\u00e4ngtat efter dig.<\/p>\n<p>T\u00e5rarna fortsatte rinna f\u00f6r mina kinder och gjorde min kudde v\u00e5t. F\u00f6r n\u00e4r man \u00e4lskar n\u00e5gon s\u00e5 mycket som dig s\u00e5 \u00e4r man S\u00c5 r\u00e4dd att f\u00f6rlora dig. Mina tankar for vidare i natten. Fr\u00e5gor utan givna svar studsade i m\u00f6rkret.<\/p>\n<p>Jag \u00e4r r\u00e4dd f\u00f6r v\u00e4rlden du kommer m\u00f6ta Isac. Kommer den vara v\u00e4nlig mot dig eller kommer den g\u00f6ra dig illa? Kommer din v\u00e4g att vara rak eller kommer den ta lite krokar? Vem kommer mer att \u00e4lska dig som vi, mamma och pappa, g\u00f6r? Vem kan skada ett litet oskyldigt barn!?<\/p>\n<p>Oavsett vad som h\u00e4nder Isac \u2013 str\u00e4ck ut din hand som du gjorde i natt. Du ska alltid finna en hand att l\u00e4gga den i. Jag kommer alltid finnas vid din sida \u2013 f\u00f6r alltid. Min \u00e4lskade son.<\/p>\n","protected":false},"excerpt":{"rendered":"<p>Du kom till mig i natt. Med dig hade du ett av dina \u00e4lskade gosedjur, giraffen, och la dig bredvid mig. Det tog inte l\u00e5ng tid innan du andades lugnt och tryggt, du sov igen. Men innan dess hade du k\u00f6rt in din ena fot under mig och s\u00f6kt min hand med din. Och d\u00e4r [&hellip;]<\/p>\n","protected":false},"author":3,"featured_media":0,"comment_status":"open","ping_status":"closed","sticky":false,"template":"","format":"standard","meta":[],"categories":[3],"tags":[],"_links":{"self":[{"href":"http:\/\/bossefoto.se\/wordpress\/index.php?rest_route=\/wp\/v2\/posts\/471"}],"collection":[{"href":"http:\/\/bossefoto.se\/wordpress\/index.php?rest_route=\/wp\/v2\/posts"}],"about":[{"href":"http:\/\/bossefoto.se\/wordpress\/index.php?rest_route=\/wp\/v2\/types\/post"}],"author":[{"embeddable":true,"href":"http:\/\/bossefoto.se\/wordpress\/index.php?rest_route=\/wp\/v2\/users\/3"}],"replies":[{"embeddable":true,"href":"http:\/\/bossefoto.se\/wordpress\/index.php?rest_route=%2Fwp%2Fv2%2Fcomments&post=471"}],"version-history":[{"count":0,"href":"http:\/\/bossefoto.se\/wordpress\/index.php?rest_route=\/wp\/v2\/posts\/471\/revisions"}],"wp:attachment":[{"href":"http:\/\/bossefoto.se\/wordpress\/index.php?rest_route=%2Fwp%2Fv2%2Fmedia&parent=471"}],"wp:term":[{"taxonomy":"category","embeddable":true,"href":"http:\/\/bossefoto.se\/wordpress\/index.php?rest_route=%2Fwp%2Fv2%2Fcategories&post=471"},{"taxonomy":"post_tag","embeddable":true,"href":"http:\/\/bossefoto.se\/wordpress\/index.php?rest_route=%2Fwp%2Fv2%2Ftags&post=471"}],"curies":[{"name":"wp","href":"https:\/\/api.w.org\/{rel}","templated":true}]}}