{"id":478,"date":"2011-03-13T23:22:13","date_gmt":"2011-03-13T21:22:13","guid":{"rendered":"http:\/\/bossefoto.se\/wordpress\/?p=478"},"modified":"2011-03-13T23:51:03","modified_gmt":"2011-03-13T21:51:03","slug":"forsta-cykelturen-for-i-ar","status":"publish","type":"post","link":"http:\/\/bossefoto.se\/wordpress\/?p=478","title":{"rendered":"F\u00f6rsta cykelturen f\u00f6r i \u00e5r"},"content":{"rendered":"<p style=\"text-align: left;\">I dag var vi ute och tog den f\u00f6rsta cykelturen f\u00f6r i \u00e5r. Isac har verkligen v\u00e4ntat p\u00e5 att f\u00e5 b\u00f6rja cykla igen. Det vi kunde konstatera \u00e4r att han har v\u00e4xt en del sedan den anv\u00e4ndes f\u00f6rra g\u00e5ngen. Sadeln var tvungen att justeras s\u00e5 att han kom h\u00f6gre upp. Jag tvekade f\u00f6rst om jag skulle ta med mig kameran eller ej. Tycker det \u00e4r s\u00e5 tr\u00e5kig gr\u00e5 omgivning nu innan v\u00e5ren b\u00f6rjat ta fart p\u00e5 riktigt. Gullbrandstorps kvartersgator \u00e4r ju inte heller direkt s\u00e5 att man tappar andan&#8230;&#8230; \ud83d\ude42 Men den kom med i alla fall som synes. Bilderna \u00e4r tonade i efterbehandlingen.<\/p>\n<p style=\"text-align: center;\"><img decoding=\"async\" loading=\"lazy\" class=\"aligncenter size-full wp-image-487\" title=\"cykel_1\" src=\"http:\/\/bossefoto.se\/wordpress\/wp-content\/uploads\/cykel_1.jpg\" alt=\"\" width=\"800\" height=\"600\" srcset=\"http:\/\/bossefoto.se\/wordpress\/wp-content\/uploads\/cykel_1.jpg 800w, http:\/\/bossefoto.se\/wordpress\/wp-content\/uploads\/cykel_1-300x225.jpg 300w\" sizes=\"(max-width: 800px) 100vw, 800px\" \/><img decoding=\"async\" loading=\"lazy\" class=\"aligncenter size-full wp-image-479\" title=\"20110313_cykel_0003\" src=\"http:\/\/bossefoto.se\/wordpress\/wp-content\/uploads\/20110313_cykel_0003.jpg\" alt=\"\" width=\"800\" height=\"533\" srcset=\"http:\/\/bossefoto.se\/wordpress\/wp-content\/uploads\/20110313_cykel_0003.jpg 800w, http:\/\/bossefoto.se\/wordpress\/wp-content\/uploads\/20110313_cykel_0003-300x199.jpg 300w\" sizes=\"(max-width: 800px) 100vw, 800px\" \/><img decoding=\"async\" loading=\"lazy\" class=\"aligncenter size-full wp-image-480\" title=\"20110313_cykel_0004\" src=\"http:\/\/bossefoto.se\/wordpress\/wp-content\/uploads\/20110313_cykel_0004.jpg\" alt=\"\" width=\"800\" height=\"533\" srcset=\"http:\/\/bossefoto.se\/wordpress\/wp-content\/uploads\/20110313_cykel_0004.jpg 800w, http:\/\/bossefoto.se\/wordpress\/wp-content\/uploads\/20110313_cykel_0004-300x199.jpg 300w\" sizes=\"(max-width: 800px) 100vw, 800px\" \/><img decoding=\"async\" loading=\"lazy\" class=\"aligncenter size-full wp-image-481\" title=\"20110313_cykel_0006\" src=\"http:\/\/bossefoto.se\/wordpress\/wp-content\/uploads\/20110313_cykel_0006.jpg\" alt=\"\" width=\"800\" height=\"533\" srcset=\"http:\/\/bossefoto.se\/wordpress\/wp-content\/uploads\/20110313_cykel_0006.jpg 800w, http:\/\/bossefoto.se\/wordpress\/wp-content\/uploads\/20110313_cykel_0006-300x199.jpg 300w\" sizes=\"(max-width: 800px) 100vw, 800px\" \/><img decoding=\"async\" loading=\"lazy\" class=\"aligncenter size-full wp-image-482\" title=\"20110313_cykel_0009\" src=\"http:\/\/bossefoto.se\/wordpress\/wp-content\/uploads\/20110313_cykel_0009.jpg\" alt=\"\" width=\"800\" height=\"533\" srcset=\"http:\/\/bossefoto.se\/wordpress\/wp-content\/uploads\/20110313_cykel_0009.jpg 800w, http:\/\/bossefoto.se\/wordpress\/wp-content\/uploads\/20110313_cykel_0009-300x199.jpg 300w\" sizes=\"(max-width: 800px) 100vw, 800px\" \/><img decoding=\"async\" loading=\"lazy\" class=\"aligncenter size-full wp-image-483\" title=\"20110313_cykel_0015\" src=\"http:\/\/bossefoto.se\/wordpress\/wp-content\/uploads\/20110313_cykel_0015.jpg\" alt=\"\" width=\"800\" height=\"533\" srcset=\"http:\/\/bossefoto.se\/wordpress\/wp-content\/uploads\/20110313_cykel_0015.jpg 800w, http:\/\/bossefoto.se\/wordpress\/wp-content\/uploads\/20110313_cykel_0015-300x199.jpg 300w\" sizes=\"(max-width: 800px) 100vw, 800px\" \/><img decoding=\"async\" loading=\"lazy\" class=\"aligncenter size-full wp-image-484\" title=\"20110313_cykel_0018\" src=\"http:\/\/bossefoto.se\/wordpress\/wp-content\/uploads\/20110313_cykel_0018.jpg\" alt=\"\" width=\"800\" height=\"533\" srcset=\"http:\/\/bossefoto.se\/wordpress\/wp-content\/uploads\/20110313_cykel_0018.jpg 800w, http:\/\/bossefoto.se\/wordpress\/wp-content\/uploads\/20110313_cykel_0018-300x199.jpg 300w\" sizes=\"(max-width: 800px) 100vw, 800px\" \/><img decoding=\"async\" loading=\"lazy\" class=\"aligncenter size-full wp-image-485\" title=\"20110313_cykel_0020\" src=\"http:\/\/bossefoto.se\/wordpress\/wp-content\/uploads\/20110313_cykel_0020.jpg\" alt=\"\" width=\"800\" height=\"533\" srcset=\"http:\/\/bossefoto.se\/wordpress\/wp-content\/uploads\/20110313_cykel_0020.jpg 800w, http:\/\/bossefoto.se\/wordpress\/wp-content\/uploads\/20110313_cykel_0020-300x199.jpg 300w\" sizes=\"(max-width: 800px) 100vw, 800px\" \/><img decoding=\"async\" loading=\"lazy\" class=\"aligncenter size-full wp-image-486\" title=\"20110313_cykel_0027\" src=\"http:\/\/bossefoto.se\/wordpress\/wp-content\/uploads\/20110313_cykel_0027.jpg\" alt=\"\" width=\"800\" height=\"533\" srcset=\"http:\/\/bossefoto.se\/wordpress\/wp-content\/uploads\/20110313_cykel_0027.jpg 800w, http:\/\/bossefoto.se\/wordpress\/wp-content\/uploads\/20110313_cykel_0027-300x199.jpg 300w\" sizes=\"(max-width: 800px) 100vw, 800px\" \/><img decoding=\"async\" loading=\"lazy\" class=\"aligncenter size-full wp-image-488\" title=\"cykel_2\" src=\"http:\/\/bossefoto.se\/wordpress\/wp-content\/uploads\/cykel_2.jpg\" alt=\"\" width=\"800\" height=\"600\" srcset=\"http:\/\/bossefoto.se\/wordpress\/wp-content\/uploads\/cykel_2.jpg 800w, http:\/\/bossefoto.se\/wordpress\/wp-content\/uploads\/cykel_2-300x225.jpg 300w\" sizes=\"(max-width: 800px) 100vw, 800px\" \/>  <\/p>\n","protected":false},"excerpt":{"rendered":"<p>I dag var vi ute och tog den f\u00f6rsta cykelturen f\u00f6r i \u00e5r. Isac har verkligen v\u00e4ntat p\u00e5 att f\u00e5 b\u00f6rja cykla igen. Det vi kunde konstatera \u00e4r att han har v\u00e4xt en del sedan den anv\u00e4ndes f\u00f6rra g\u00e5ngen. Sadeln var tvungen att justeras s\u00e5 att han kom h\u00f6gre upp. Jag tvekade f\u00f6rst om jag [&hellip;]<\/p>\n","protected":false},"author":3,"featured_media":0,"comment_status":"open","ping_status":"closed","sticky":false,"template":"","format":"standard","meta":[],"categories":[7,3],"tags":[],"_links":{"self":[{"href":"http:\/\/bossefoto.se\/wordpress\/index.php?rest_route=\/wp\/v2\/posts\/478"}],"collection":[{"href":"http:\/\/bossefoto.se\/wordpress\/index.php?rest_route=\/wp\/v2\/posts"}],"about":[{"href":"http:\/\/bossefoto.se\/wordpress\/index.php?rest_route=\/wp\/v2\/types\/post"}],"author":[{"embeddable":true,"href":"http:\/\/bossefoto.se\/wordpress\/index.php?rest_route=\/wp\/v2\/users\/3"}],"replies":[{"embeddable":true,"href":"http:\/\/bossefoto.se\/wordpress\/index.php?rest_route=%2Fwp%2Fv2%2Fcomments&post=478"}],"version-history":[{"count":0,"href":"http:\/\/bossefoto.se\/wordpress\/index.php?rest_route=\/wp\/v2\/posts\/478\/revisions"}],"wp:attachment":[{"href":"http:\/\/bossefoto.se\/wordpress\/index.php?rest_route=%2Fwp%2Fv2%2Fmedia&parent=478"}],"wp:term":[{"taxonomy":"category","embeddable":true,"href":"http:\/\/bossefoto.se\/wordpress\/index.php?rest_route=%2Fwp%2Fv2%2Fcategories&post=478"},{"taxonomy":"post_tag","embeddable":true,"href":"http:\/\/bossefoto.se\/wordpress\/index.php?rest_route=%2Fwp%2Fv2%2Ftags&post=478"}],"curies":[{"name":"wp","href":"https:\/\/api.w.org\/{rel}","templated":true}]}}