{"id":66,"date":"2009-09-13T22:45:53","date_gmt":"2009-09-13T20:45:53","guid":{"rendered":"http:\/\/bossefoto.se\/wordpress\/?p=66"},"modified":"2010-05-14T21:02:03","modified_gmt":"2010-05-14T19:02:03","slug":"isac-on-the-beach","status":"publish","type":"post","link":"http:\/\/bossefoto.se\/wordpress\/?p=66","title":{"rendered":"Isac &#8211; On The Beach"},"content":{"rendered":"<p>Gjorde ett nytt f\u00f6rs\u00f6k att komma ner till stranden i dag f\u00f6r att ta lite bilder som jag skulle g\u00f6r om till svartvitt. Men det var bara att konstatera att vi hade annorlunda v\u00e4der och molnformationer i Gulllbrandstorp, ca 2,5 km fr\u00e5n stranden&#8230;. Trodde att det skulle vara ett bra ljus men det var alldeles f\u00f6r starkt \u00e5terigen nere p\u00e5stranden. Passade \u00e4nd\u00e5 p\u00e5 att f\u00f6rs\u00f6ka ta lite kort p\u00e5 v\u00e5r lille kabrat&#8230; Men det var l\u00e4ttare sagt \u00e4n gjort. Var ensam och Isac ville bara kl\u00e4nga p\u00e5 mig hela tiden d\u00e4r jag l\u00e5g ner p\u00e5 stranden f\u00f6r att f\u00f6rs\u00f6ka f\u00e5 till en bra vinkel. Ja, ja ett par blev det till sist i alla fall och som ni ser nedan. Ha det! Bosse<br \/>\n<img decoding=\"async\" loading=\"lazy\" class=\"aligncenter size-full wp-image-67\" title=\"_MG_9344\" src=\"http:\/\/bossefoto.se\/wordpress\/wp-content\/uploads\/MG_9344.jpg\" alt=\"_MG_9344\" width=\"633\" height=\"900\" srcset=\"http:\/\/bossefoto.se\/wordpress\/wp-content\/uploads\/MG_9344.jpg 633w, http:\/\/bossefoto.se\/wordpress\/wp-content\/uploads\/MG_9344-211x300.jpg 211w\" sizes=\"(max-width: 633px) 100vw, 633px\" \/><\/p>\n<div><img decoding=\"async\" loading=\"lazy\" class=\"size-full wp-image-71\" title=\"_MG_9333\" src=\"http:\/\/bossefoto.se\/wordpress\/wp-content\/uploads\/MG_9333.jpg\" alt=\"Springer\" width=\"859\" height=\"900\" srcset=\"http:\/\/bossefoto.se\/wordpress\/wp-content\/uploads\/MG_9333.jpg 859w, http:\/\/bossefoto.se\/wordpress\/wp-content\/uploads\/MG_9333-286x300.jpg 286w\" sizes=\"(max-width: 859px) 100vw, 859px\" \/><\/div>\n","protected":false},"excerpt":{"rendered":"<p>Gjorde ett nytt f\u00f6rs\u00f6k att komma ner till stranden i dag f\u00f6r att ta lite bilder som jag skulle g\u00f6r om till svartvitt. Men det var bara att konstatera att vi hade annorlunda v\u00e4der och molnformationer i Gulllbrandstorp, ca 2,5 km fr\u00e5n stranden&#8230;. Trodde att det skulle vara ett bra ljus men det var alldeles [&hellip;]<\/p>\n","protected":false},"author":3,"featured_media":0,"comment_status":"open","ping_status":"open","sticky":false,"template":"","format":"standard","meta":[],"categories":[7,3],"tags":[],"_links":{"self":[{"href":"http:\/\/bossefoto.se\/wordpress\/index.php?rest_route=\/wp\/v2\/posts\/66"}],"collection":[{"href":"http:\/\/bossefoto.se\/wordpress\/index.php?rest_route=\/wp\/v2\/posts"}],"about":[{"href":"http:\/\/bossefoto.se\/wordpress\/index.php?rest_route=\/wp\/v2\/types\/post"}],"author":[{"embeddable":true,"href":"http:\/\/bossefoto.se\/wordpress\/index.php?rest_route=\/wp\/v2\/users\/3"}],"replies":[{"embeddable":true,"href":"http:\/\/bossefoto.se\/wordpress\/index.php?rest_route=%2Fwp%2Fv2%2Fcomments&post=66"}],"version-history":[{"count":0,"href":"http:\/\/bossefoto.se\/wordpress\/index.php?rest_route=\/wp\/v2\/posts\/66\/revisions"}],"wp:attachment":[{"href":"http:\/\/bossefoto.se\/wordpress\/index.php?rest_route=%2Fwp%2Fv2%2Fmedia&parent=66"}],"wp:term":[{"taxonomy":"category","embeddable":true,"href":"http:\/\/bossefoto.se\/wordpress\/index.php?rest_route=%2Fwp%2Fv2%2Fcategories&post=66"},{"taxonomy":"post_tag","embeddable":true,"href":"http:\/\/bossefoto.se\/wordpress\/index.php?rest_route=%2Fwp%2Fv2%2Ftags&post=66"}],"curies":[{"name":"wp","href":"https:\/\/api.w.org\/{rel}","templated":true}]}}