{"id":80,"date":"2009-09-17T23:38:32","date_gmt":"2009-09-17T21:38:32","guid":{"rendered":"http:\/\/bossefoto.se\/wordpress\/?p=80"},"modified":"2010-05-14T21:02:03","modified_gmt":"2010-05-14T19:02:03","slug":"isac-lite-gra","status":"publish","type":"post","link":"http:\/\/bossefoto.se\/wordpress\/?p=80","title":{"rendered":"Isac &#8211; lite gr\u00e5&#8230;"},"content":{"rendered":"<p>Testade att g\u00f6ra om en bild fr\u00e5n fotosessionen jag hade med Isac i s\u00f6ndags till svartvitt. Har m\u00f6rkat ner himlen och b\u00e4nken\/marken en del. <img decoding=\"async\" loading=\"lazy\" class=\"aligncenter size-full wp-image-81\" title=\"Isac_090913\" src=\"http:\/\/bossefoto.se\/wordpress\/wp-content\/uploads\/Isac_090913.jpg\" alt=\"Isac_090913\" width=\"814\" height=\"1100\" srcset=\"http:\/\/bossefoto.se\/wordpress\/wp-content\/uploads\/Isac_090913.jpg 814w, http:\/\/bossefoto.se\/wordpress\/wp-content\/uploads\/Isac_090913-221x300.jpg 221w, http:\/\/bossefoto.se\/wordpress\/wp-content\/uploads\/Isac_090913-757x1024.jpg 757w\" sizes=\"(max-width: 814px) 100vw, 814px\" \/><\/p>\n","protected":false},"excerpt":{"rendered":"<p>Testade att g\u00f6ra om en bild fr\u00e5n fotosessionen jag hade med Isac i s\u00f6ndags till svartvitt. Har m\u00f6rkat ner himlen och b\u00e4nken\/marken en del.<\/p>\n","protected":false},"author":3,"featured_media":0,"comment_status":"open","ping_status":"open","sticky":false,"template":"","format":"standard","meta":[],"categories":[7,3],"tags":[],"_links":{"self":[{"href":"http:\/\/bossefoto.se\/wordpress\/index.php?rest_route=\/wp\/v2\/posts\/80"}],"collection":[{"href":"http:\/\/bossefoto.se\/wordpress\/index.php?rest_route=\/wp\/v2\/posts"}],"about":[{"href":"http:\/\/bossefoto.se\/wordpress\/index.php?rest_route=\/wp\/v2\/types\/post"}],"author":[{"embeddable":true,"href":"http:\/\/bossefoto.se\/wordpress\/index.php?rest_route=\/wp\/v2\/users\/3"}],"replies":[{"embeddable":true,"href":"http:\/\/bossefoto.se\/wordpress\/index.php?rest_route=%2Fwp%2Fv2%2Fcomments&post=80"}],"version-history":[{"count":0,"href":"http:\/\/bossefoto.se\/wordpress\/index.php?rest_route=\/wp\/v2\/posts\/80\/revisions"}],"wp:attachment":[{"href":"http:\/\/bossefoto.se\/wordpress\/index.php?rest_route=%2Fwp%2Fv2%2Fmedia&parent=80"}],"wp:term":[{"taxonomy":"category","embeddable":true,"href":"http:\/\/bossefoto.se\/wordpress\/index.php?rest_route=%2Fwp%2Fv2%2Fcategories&post=80"},{"taxonomy":"post_tag","embeddable":true,"href":"http:\/\/bossefoto.se\/wordpress\/index.php?rest_route=%2Fwp%2Fv2%2Ftags&post=80"}],"curies":[{"name":"wp","href":"https:\/\/api.w.org\/{rel}","templated":true}]}}