{"id":89,"date":"2009-11-22T21:28:29","date_gmt":"2009-11-22T19:28:29","guid":{"rendered":"http:\/\/bossefoto.se\/wordpress\/?p=89"},"modified":"2010-05-14T21:02:03","modified_gmt":"2010-05-14T19:02:03","slug":"antligen-studio","status":"publish","type":"post","link":"http:\/\/bossefoto.se\/wordpress\/?p=89","title":{"rendered":"\u00c4ntligen &#8211; studio&#8230; :-)"},"content":{"rendered":"<p>Jag  har nu \u00e4ntligen f\u00e5tt en liten studio hemma&#8230;. Fick i fredags min st\u00e4llning f\u00f6r att s\u00e4tta upp bakgrunder p\u00e5 samt 2 pappersbakgrunder, super white och svart. Bredden \u00e4r 2,75 s\u00e5 det r\u00e4cker r\u00e4tt bra. Tvingade ner frugan och son f\u00f6r att kunna ta ett par testbilder i dag. Var j\u00e4tteroligt \ud83d\ude42 Inser dock direkt att det h\u00e4r med att s\u00e4tta ljus &#8211; ja, det \u00e4r en vetenskap i sig \ud83d\ude42  Har 3 blixtar, en softbox och 2 paraplyer att &#8221;leka&#8221; med. Ska \u00e4ven fixa lite mer tillbeh\u00f6r inom kort.<\/p>\n<p>L\u00e4gger upp 2 portr\u00e4ttkort p\u00e5 mina 2 \u00e4lsklingar. \u00c4ven om min fru protestera och tycker att hon inte var vare sig sminkad eller kammad.. \ud83d\ude42 Personligen tycker jag att det blev levande kort. Varf\u00f6r ska allt vara s\u00e5 tillr\u00e4ttalagt \ud83d\ude42<\/p>\n<p>\u00c4r det n\u00e5gon som nu l\u00e4ser detta och vill ha lite kort t ex inf\u00f6r julen i min studio &#8211; h\u00f6r av er. Kontaktuppgifter hittar ni ovan.<\/p>\n<p><img decoding=\"async\" loading=\"lazy\" class=\"aligncenter size-full wp-image-90\" title=\"helena_isac_091122\" src=\"http:\/\/bossefoto.se\/wordpress\/wp-content\/uploads\/helena_isac_091122.jpg\" alt=\"helena_isac_091122\" width=\"900\" height=\"668\" srcset=\"http:\/\/bossefoto.se\/wordpress\/wp-content\/uploads\/helena_isac_091122.jpg 900w, http:\/\/bossefoto.se\/wordpress\/wp-content\/uploads\/helena_isac_091122-300x222.jpg 300w\" sizes=\"(max-width: 900px) 100vw, 900px\" \/><\/p>\n<p><img decoding=\"async\" loading=\"lazy\" class=\"aligncenter size-full wp-image-93\" title=\"helena_isac_091122_no2\" src=\"http:\/\/bossefoto.se\/wordpress\/wp-content\/uploads\/helena_isac_091122_no2.jpg\" alt=\"helena_isac_091122_no2\" width=\"840\" height=\"800\" srcset=\"http:\/\/bossefoto.se\/wordpress\/wp-content\/uploads\/helena_isac_091122_no2.jpg 840w, http:\/\/bossefoto.se\/wordpress\/wp-content\/uploads\/helena_isac_091122_no2-300x285.jpg 300w\" sizes=\"(max-width: 840px) 100vw, 840px\" \/><\/p>\n","protected":false},"excerpt":{"rendered":"<p>Jag har nu \u00e4ntligen f\u00e5tt en liten studio hemma&#8230;. Fick i fredags min st\u00e4llning f\u00f6r att s\u00e4tta upp bakgrunder p\u00e5 samt 2 pappersbakgrunder, super white och svart. Bredden \u00e4r 2,75 s\u00e5 det r\u00e4cker r\u00e4tt bra. Tvingade ner frugan och son f\u00f6r att kunna ta ett par testbilder i dag. Var j\u00e4tteroligt \ud83d\ude42 Inser dock direkt [&hellip;]<\/p>\n","protected":false},"author":3,"featured_media":0,"comment_status":"open","ping_status":"closed","sticky":false,"template":"","format":"standard","meta":[],"categories":[3],"tags":[],"_links":{"self":[{"href":"http:\/\/bossefoto.se\/wordpress\/index.php?rest_route=\/wp\/v2\/posts\/89"}],"collection":[{"href":"http:\/\/bossefoto.se\/wordpress\/index.php?rest_route=\/wp\/v2\/posts"}],"about":[{"href":"http:\/\/bossefoto.se\/wordpress\/index.php?rest_route=\/wp\/v2\/types\/post"}],"author":[{"embeddable":true,"href":"http:\/\/bossefoto.se\/wordpress\/index.php?rest_route=\/wp\/v2\/users\/3"}],"replies":[{"embeddable":true,"href":"http:\/\/bossefoto.se\/wordpress\/index.php?rest_route=%2Fwp%2Fv2%2Fcomments&post=89"}],"version-history":[{"count":0,"href":"http:\/\/bossefoto.se\/wordpress\/index.php?rest_route=\/wp\/v2\/posts\/89\/revisions"}],"wp:attachment":[{"href":"http:\/\/bossefoto.se\/wordpress\/index.php?rest_route=%2Fwp%2Fv2%2Fmedia&parent=89"}],"wp:term":[{"taxonomy":"category","embeddable":true,"href":"http:\/\/bossefoto.se\/wordpress\/index.php?rest_route=%2Fwp%2Fv2%2Fcategories&post=89"},{"taxonomy":"post_tag","embeddable":true,"href":"http:\/\/bossefoto.se\/wordpress\/index.php?rest_route=%2Fwp%2Fv2%2Ftags&post=89"}],"curies":[{"name":"wp","href":"https:\/\/api.w.org\/{rel}","templated":true}]}}