{"id":982,"date":"2011-09-14T21:40:07","date_gmt":"2011-09-14T19:40:07","guid":{"rendered":"http:\/\/bossefoto.se\/wordpress\/?p=982"},"modified":"2011-09-14T21:40:24","modified_gmt":"2011-09-14T19:40:24","slug":"isac-med-farmor-och-farfar","status":"publish","type":"post","link":"http:\/\/bossefoto.se\/wordpress\/?p=982","title":{"rendered":"Isac med farmor och farfar"},"content":{"rendered":"<p>Ja, f\u00f6r ett par veckor sedan fotograferade jag mina f\u00f6r\u00e4ldrar. Passade \u00e4ven d\u00e5 p\u00e5 att ta ett par kort p\u00e5 dem tillsammans med Isac. Blev inte s\u00e5 m\u00e5nga men h\u00e4r \u00e4r ett par exempel i alla fall \ud83d\ude42<\/p>\n<p style=\"text-align: center;\"><img decoding=\"async\" loading=\"lazy\" class=\"aligncenter size-full wp-image-983\" title=\"Isac_farmor_farfar\" src=\"http:\/\/bossefoto.se\/wordpress\/wp-content\/uploads\/Isac_farmor_farfar.jpg\" alt=\"\" width=\"800\" height=\"1200\" srcset=\"http:\/\/bossefoto.se\/wordpress\/wp-content\/uploads\/Isac_farmor_farfar.jpg 800w, http:\/\/bossefoto.se\/wordpress\/wp-content\/uploads\/Isac_farmor_farfar-200x300.jpg 200w, http:\/\/bossefoto.se\/wordpress\/wp-content\/uploads\/Isac_farmor_farfar-682x1024.jpg 682w\" sizes=\"(max-width: 800px) 100vw, 800px\" \/><\/p>\n","protected":false},"excerpt":{"rendered":"<p>Ja, f\u00f6r ett par veckor sedan fotograferade jag mina f\u00f6r\u00e4ldrar. Passade \u00e4ven d\u00e5 p\u00e5 att ta ett par kort p\u00e5 dem tillsammans med Isac. Blev inte s\u00e5 m\u00e5nga men h\u00e4r \u00e4r ett par exempel i alla fall \ud83d\ude42<\/p>\n","protected":false},"author":3,"featured_media":0,"comment_status":"open","ping_status":"closed","sticky":false,"template":"","format":"standard","meta":[],"categories":[7,8,3],"tags":[],"_links":{"self":[{"href":"http:\/\/bossefoto.se\/wordpress\/index.php?rest_route=\/wp\/v2\/posts\/982"}],"collection":[{"href":"http:\/\/bossefoto.se\/wordpress\/index.php?rest_route=\/wp\/v2\/posts"}],"about":[{"href":"http:\/\/bossefoto.se\/wordpress\/index.php?rest_route=\/wp\/v2\/types\/post"}],"author":[{"embeddable":true,"href":"http:\/\/bossefoto.se\/wordpress\/index.php?rest_route=\/wp\/v2\/users\/3"}],"replies":[{"embeddable":true,"href":"http:\/\/bossefoto.se\/wordpress\/index.php?rest_route=%2Fwp%2Fv2%2Fcomments&post=982"}],"version-history":[{"count":0,"href":"http:\/\/bossefoto.se\/wordpress\/index.php?rest_route=\/wp\/v2\/posts\/982\/revisions"}],"wp:attachment":[{"href":"http:\/\/bossefoto.se\/wordpress\/index.php?rest_route=%2Fwp%2Fv2%2Fmedia&parent=982"}],"wp:term":[{"taxonomy":"category","embeddable":true,"href":"http:\/\/bossefoto.se\/wordpress\/index.php?rest_route=%2Fwp%2Fv2%2Fcategories&post=982"},{"taxonomy":"post_tag","embeddable":true,"href":"http:\/\/bossefoto.se\/wordpress\/index.php?rest_route=%2Fwp%2Fv2%2Ftags&post=982"}],"curies":[{"name":"wp","href":"https:\/\/api.w.org\/{rel}","templated":true}]}}