{"id":1646,"date":"2013-10-12T21:20:58","date_gmt":"2013-10-12T19:20:58","guid":{"rendered":"http:\/\/bossefoto.se\/wordpress\/?p=1646"},"modified":"2013-10-12T21:20:58","modified_gmt":"2013-10-12T19:20:58","slug":"stensjo","status":"publish","type":"post","link":"https:\/\/bossefoto.se\/wordpress\/?p=1646","title":{"rendered":"Stensj\u00f6"},"content":{"rendered":"<p>I dag har jag var ute i Stensj\u00f6 Naturreservat tillsammans med en nyfunnen fotov\u00e4n som heter Morgan. Vi hade en riktigt trevlig dag d\u00e4r vi pratade och fotograferade om vartannat. Hade \u00e4ven med mig Hannes men Isac ville inte f\u00f6lja med d\u00e5 han h\u00f6rde att det bara skulle fotograferas&#8230;.. Hj\u00e4lpte inte ens att f\u00f6rs\u00f6ka locka med fika \ud83d\ude42 Ja, n\u00e5gon direkt naturfotograf \u00e4r jag inte men h\u00e4r \u00e4r lite milj\u00f6bilder blandat med foto p\u00e5 Hannes \ud83d\ude42<img decoding=\"async\" loading=\"lazy\" class=\"aligncenter size-full wp-image-1647\" alt=\"20131012_stensjo_0026\" src=\"http:\/\/bossefoto.se\/wordpress\/wp-content\/uploads\/20131012_stensjo_0026.jpg\" width=\"800\" height=\"533\" srcset=\"https:\/\/bossefoto.se\/wordpress\/wp-content\/uploads\/20131012_stensjo_0026.jpg 800w, https:\/\/bossefoto.se\/wordpress\/wp-content\/uploads\/20131012_stensjo_0026-300x199.jpg 300w, https:\/\/bossefoto.se\/wordpress\/wp-content\/uploads\/20131012_stensjo_0026-360x240.jpg 360w, https:\/\/bossefoto.se\/wordpress\/wp-content\/uploads\/20131012_stensjo_0026-720x480.jpg 720w\" sizes=\"(max-width: 800px) 100vw, 800px\" \/><img decoding=\"async\" loading=\"lazy\" class=\"aligncenter size-full wp-image-1648\" alt=\"20131012_stensjo_0040\" src=\"http:\/\/bossefoto.se\/wordpress\/wp-content\/uploads\/20131012_stensjo_0040.jpg\" width=\"800\" height=\"391\" srcset=\"https:\/\/bossefoto.se\/wordpress\/wp-content\/uploads\/20131012_stensjo_0040.jpg 800w, https:\/\/bossefoto.se\/wordpress\/wp-content\/uploads\/20131012_stensjo_0040-300x146.jpg 300w\" sizes=\"(max-width: 800px) 100vw, 800px\" \/><img decoding=\"async\" loading=\"lazy\" class=\"aligncenter size-full wp-image-1649\" alt=\"20131012_stensjo_0042\" src=\"http:\/\/bossefoto.se\/wordpress\/wp-content\/uploads\/20131012_stensjo_0042.jpg\" width=\"625\" height=\"800\" srcset=\"https:\/\/bossefoto.se\/wordpress\/wp-content\/uploads\/20131012_stensjo_0042.jpg 625w, https:\/\/bossefoto.se\/wordpress\/wp-content\/uploads\/20131012_stensjo_0042-234x300.jpg 234w\" sizes=\"(max-width: 625px) 100vw, 625px\" \/><img decoding=\"async\" loading=\"lazy\" class=\"aligncenter size-full wp-image-1650\" alt=\"20131012_stensjo_0050\" src=\"http:\/\/bossefoto.se\/wordpress\/wp-content\/uploads\/20131012_stensjo_0050.jpg\" width=\"800\" height=\"581\" srcset=\"https:\/\/bossefoto.se\/wordpress\/wp-content\/uploads\/20131012_stensjo_0050.jpg 800w, https:\/\/bossefoto.se\/wordpress\/wp-content\/uploads\/20131012_stensjo_0050-300x217.jpg 300w\" sizes=\"(max-width: 800px) 100vw, 800px\" \/><img decoding=\"async\" loading=\"lazy\" class=\"aligncenter size-full wp-image-1651\" alt=\"20131012_stensjo_0060-2\" src=\"http:\/\/bossefoto.se\/wordpress\/wp-content\/uploads\/20131012_stensjo_0060-2.jpg\" width=\"800\" height=\"533\" srcset=\"https:\/\/bossefoto.se\/wordpress\/wp-content\/uploads\/20131012_stensjo_0060-2.jpg 800w, https:\/\/bossefoto.se\/wordpress\/wp-content\/uploads\/20131012_stensjo_0060-2-300x199.jpg 300w\" sizes=\"(max-width: 800px) 100vw, 800px\" \/><img decoding=\"async\" loading=\"lazy\" class=\"aligncenter size-full wp-image-1652\" alt=\"20131012_stensjo_0065\" src=\"http:\/\/bossefoto.se\/wordpress\/wp-content\/uploads\/20131012_stensjo_0065.jpg\" width=\"583\" height=\"800\" srcset=\"https:\/\/bossefoto.se\/wordpress\/wp-content\/uploads\/20131012_stensjo_0065.jpg 583w, https:\/\/bossefoto.se\/wordpress\/wp-content\/uploads\/20131012_stensjo_0065-218x300.jpg 218w\" sizes=\"(max-width: 583px) 100vw, 583px\" \/><\/p>\n","protected":false},"excerpt":{"rendered":"<p>I dag har jag var ute i Stensj\u00f6 Naturreservat tillsammans med en nyfunnen fotov\u00e4n som heter Morgan. Vi hade en riktigt trevlig dag d\u00e4r vi pratade och fotograferade om vartannat. Hade \u00e4ven med mig Hannes men Isac ville inte f\u00f6lja med d\u00e5 han h\u00f6rde att det bara skulle fotograferas&#8230;.. Hj\u00e4lpte inte ens att f\u00f6rs\u00f6ka locka [&hellip;]<\/p>\n","protected":false},"author":3,"featured_media":0,"comment_status":"open","ping_status":"closed","sticky":false,"template":"","format":"standard","meta":[],"categories":[7,11],"tags":[],"_links":{"self":[{"href":"https:\/\/bossefoto.se\/wordpress\/index.php?rest_route=\/wp\/v2\/posts\/1646"}],"collection":[{"href":"https:\/\/bossefoto.se\/wordpress\/index.php?rest_route=\/wp\/v2\/posts"}],"about":[{"href":"https:\/\/bossefoto.se\/wordpress\/index.php?rest_route=\/wp\/v2\/types\/post"}],"author":[{"embeddable":true,"href":"https:\/\/bossefoto.se\/wordpress\/index.php?rest_route=\/wp\/v2\/users\/3"}],"replies":[{"embeddable":true,"href":"https:\/\/bossefoto.se\/wordpress\/index.php?rest_route=%2Fwp%2Fv2%2Fcomments&post=1646"}],"version-history":[{"count":0,"href":"https:\/\/bossefoto.se\/wordpress\/index.php?rest_route=\/wp\/v2\/posts\/1646\/revisions"}],"wp:attachment":[{"href":"https:\/\/bossefoto.se\/wordpress\/index.php?rest_route=%2Fwp%2Fv2%2Fmedia&parent=1646"}],"wp:term":[{"taxonomy":"category","embeddable":true,"href":"https:\/\/bossefoto.se\/wordpress\/index.php?rest_route=%2Fwp%2Fv2%2Fcategories&post=1646"},{"taxonomy":"post_tag","embeddable":true,"href":"https:\/\/bossefoto.se\/wordpress\/index.php?rest_route=%2Fwp%2Fv2%2Ftags&post=1646"}],"curies":[{"name":"wp","href":"https:\/\/api.w.org\/{rel}","templated":true}]}}